{"id":4142,"date":"2014-04-30T08:21:28","date_gmt":"2014-04-30T07:21:28","guid":{"rendered":"https:\/\/inclusioaltemporda.cat\/portal\/?p=4142"},"modified":"2016-02-01T09:24:47","modified_gmt":"2016-02-01T08:24:47","slug":"accio-pilot-del-projecte-labour-plus-a-lalt-emporda","status":"publish","type":"post","link":"https:\/\/inclusioaltemporda.cat\/portal\/accio-pilot-del-projecte-labour-plus-a-lalt-emporda\/","title":{"rendered":"Acci\u00f3-pilot del projecte Labour Plus a l&#8217;Alt Empord\u00e0"},"content":{"rendered":"<p>Aquest mes d&#8217;abril s&#8217;ha posat en marxa l&#8217;acci\u00f3-pilot que en el marc del <a href=\"http:\/\/www.labourplus.eu\/\">projecte Labour Plus<\/a> l&#8217;\u00e0rea de Benestar del Consell Comarcal desenvolupar\u00e0 a l&#8217;Alt Empord\u00e0.<\/p>\n<p>Aquesta acci\u00f3-pilot t\u00e9 com a objectiu refor\u00e7ar les pol\u00edtiques preventives en l&#8217;adolesc\u00e8ncia i joventut per promoure traject\u00f2ries m\u00e9s exitoses d&#8217;inclusi\u00f3 i integraci\u00f3 laboral dels joves d&#8217;origen immigrant a la comarca.<\/p>\n<p>Aquesta intervenci\u00f3 consta de 4 etapes: 1) avaluaci\u00f3 de necessitats dels joves i coneixement de les traject\u00f2ries formatives i laborals; 2) disseny de mesures espec\u00edfiques per implementar a nivell local; 3) projecte d&#8217;intervenci\u00f3 amb els joves i 4) avaluaci\u00f3 de resultats.<\/p>\n<p>Per tal de con\u00e8ixer amb m\u00e9s profunditat les traject\u00f2ries formatives i laborals dels joves, les dificultats i barreres a les que han de fer front i les seves necessitats i projeccions futures, s&#8217;ha iniciat un treball de camp centrat en entrevistes amb profunditat amb un grup de joves de la comarca i s&#8217;han posat en marxa grups de treball amb els joves i professionals que ajudaran a dissenyar, implementar i avaluar les mesures a promoure.<\/p>\n<p>El calendari preveu tenir aquesta primera fase de l&#8217;acci\u00f3-pilot tancada a finals de maig. En aquest proc\u00e9s de diagnosi comptem amb el suport expert de la <a href=\"http:\/\/www.surt.org\/portada.html\">Fundaci\u00f3 Surt<\/a>.<\/p>\n","protected":false},"excerpt":{"rendered":"<p>Es posa en marxa l&#8217;acci\u00f3-pilot que en el marc del projecte Labour Plus l&#8217;\u00e0rea de Benestar del Consell Comarcal desenvolupar\u00e0 a l&#8217;Alt Empord\u00e0.<\/p>\n","protected":false},"author":3,"featured_media":4143,"comment_status":"closed","ping_status":"closed","sticky":false,"template":"","format":"standard","meta":{"footnotes":""},"categories":[106,100,107,101,105,104,103,1,108,102,111],"tags":[],"class_list":["post-4142","post","type-post","status-publish","format-standard","has-post-thumbnail","hentry","category-administracions","category-area-benestar","category-centres-recerca-universitats","category-ciutadania","category-empreses","category-entitats-socials","category-estudiants-escoles-instituts","category-general","category-mitjans-comunicacio","category-professionals-ambit-social","category-projectes-internacionals","category-106","category-100","category-107","category-101","category-105","category-104","category-103","category-1","category-108","category-102","category-111","description-off"],"_links":{"self":[{"href":"https:\/\/inclusioaltemporda.cat\/portal\/wp-json\/wp\/v2\/posts\/4142","targetHints":{"allow":["GET"]}}],"collection":[{"href":"https:\/\/inclusioaltemporda.cat\/portal\/wp-json\/wp\/v2\/posts"}],"about":[{"href":"https:\/\/inclusioaltemporda.cat\/portal\/wp-json\/wp\/v2\/types\/post"}],"author":[{"embeddable":true,"href":"https:\/\/inclusioaltemporda.cat\/portal\/wp-json\/wp\/v2\/users\/3"}],"replies":[{"embeddable":true,"href":"https:\/\/inclusioaltemporda.cat\/portal\/wp-json\/wp\/v2\/comments?post=4142"}],"version-history":[{"count":2,"href":"https:\/\/inclusioaltemporda.cat\/portal\/wp-json\/wp\/v2\/posts\/4142\/revisions"}],"predecessor-version":[{"id":6560,"href":"https:\/\/inclusioaltemporda.cat\/portal\/wp-json\/wp\/v2\/posts\/4142\/revisions\/6560"}],"wp:featuredmedia":[{"embeddable":true,"href":"https:\/\/inclusioaltemporda.cat\/portal\/wp-json\/wp\/v2\/media\/4143"}],"wp:attachment":[{"href":"https:\/\/inclusioaltemporda.cat\/portal\/wp-json\/wp\/v2\/media?parent=4142"}],"wp:term":[{"taxonomy":"category","embeddable":true,"href":"https:\/\/inclusioaltemporda.cat\/portal\/wp-json\/wp\/v2\/categories?post=4142"},{"taxonomy":"post_tag","embeddable":true,"href":"https:\/\/inclusioaltemporda.cat\/portal\/wp-json\/wp\/v2\/tags?post=4142"}],"curies":[{"name":"wp","href":"https:\/\/api.w.org\/{rel}","templated":true}]}}