{"id":4145,"date":"2014-05-06T08:56:04","date_gmt":"2014-05-06T07:56:04","guid":{"rendered":"https:\/\/inclusioaltemporda.cat\/portal\/?p=4145"},"modified":"2016-02-01T09:24:46","modified_gmt":"2016-02-01T08:24:46","slug":"el-consell-comarcal-organitza-dos-cursos-de-premonitors-de-lleure","status":"publish","type":"post","link":"https:\/\/inclusioaltemporda.cat\/portal\/el-consell-comarcal-organitza-dos-cursos-de-premonitors-de-lleure\/","title":{"rendered":"El Consell Comarcal organitza dos cursos de premonitors de lleure"},"content":{"rendered":"<p>Coincidint amb les vacances de Setmana Santa es van realitzar dos cursos de formaci\u00f3 en el lleure de premonitors, organitzats conjuntament per l\u2019\u00c0rea de Joventut del Consell Comarcal de l\u2019Alt Empord\u00e0 i l\u2019Escola de Formaci\u00f3 en el Lleure de l\u2019Empord\u00e0.<\/p>\n<p>Els cursos, que varen comptar amb la participaci\u00f3 de 98 joves, varen incloure el curs d&#8217;iniciaci\u00f3 en el lleure PRE 1, realitzat a la Casa de col\u00f2nies Ca n&#8217;Oliver de Pont\u00f3s, i adre\u00e7at a joves de 14 i 15 anys, i el curs d\u2019ajudant de monitor PRE 2 realitzat a la casa de col\u00f2nies Casal l\u2019Albera de la Jonquera, en aquest cas adre\u00e7at a joves de 16 i 17 anys.<\/p>\n<p>Aquests cursos s\u00f3n una introducci\u00f3 al m\u00f3n de l&#8217;educaci\u00f3 en el temps lliure que estan estructurats en m\u00f2duls i s&#8217;imparteixen amb una metodologia molt espec\u00edfica, pensada per als joves que han de rebre la formaci\u00f3. Segueixen un programa pensat per a donar-los una visi\u00f3 d&#8217;aquesta nova professi\u00f3 que la societat demana cada dia amb m\u00e9s intensitat, a la vegada que se&#8217;ls capacitat per realitzar tasques de premonitor i d&#8217;ajudant en casals, col\u00f2nies i campaments.<\/p>\n","protected":false},"excerpt":{"rendered":"<p>L&#8217;\u00c0rea de joventut ha promogut dos cursos de premonitors dirigits a joves de 14 a 17 anys de la comarca.<\/p>\n","protected":false},"author":2,"featured_media":3682,"comment_status":"closed","ping_status":"closed","sticky":false,"template":"","format":"standard","meta":{"footnotes":""},"categories":[106,101,103,1,108],"tags":[],"class_list":["post-4145","post","type-post","status-publish","format-standard","has-post-thumbnail","hentry","category-administracions","category-ciutadania","category-estudiants-escoles-instituts","category-general","category-mitjans-comunicacio","category-106","category-101","category-103","category-1","category-108","description-off"],"_links":{"self":[{"href":"https:\/\/inclusioaltemporda.cat\/portal\/wp-json\/wp\/v2\/posts\/4145","targetHints":{"allow":["GET"]}}],"collection":[{"href":"https:\/\/inclusioaltemporda.cat\/portal\/wp-json\/wp\/v2\/posts"}],"about":[{"href":"https:\/\/inclusioaltemporda.cat\/portal\/wp-json\/wp\/v2\/types\/post"}],"author":[{"embeddable":true,"href":"https:\/\/inclusioaltemporda.cat\/portal\/wp-json\/wp\/v2\/users\/2"}],"replies":[{"embeddable":true,"href":"https:\/\/inclusioaltemporda.cat\/portal\/wp-json\/wp\/v2\/comments?post=4145"}],"version-history":[{"count":2,"href":"https:\/\/inclusioaltemporda.cat\/portal\/wp-json\/wp\/v2\/posts\/4145\/revisions"}],"predecessor-version":[{"id":4147,"href":"https:\/\/inclusioaltemporda.cat\/portal\/wp-json\/wp\/v2\/posts\/4145\/revisions\/4147"}],"wp:featuredmedia":[{"embeddable":true,"href":"https:\/\/inclusioaltemporda.cat\/portal\/wp-json\/wp\/v2\/media\/3682"}],"wp:attachment":[{"href":"https:\/\/inclusioaltemporda.cat\/portal\/wp-json\/wp\/v2\/media?parent=4145"}],"wp:term":[{"taxonomy":"category","embeddable":true,"href":"https:\/\/inclusioaltemporda.cat\/portal\/wp-json\/wp\/v2\/categories?post=4145"},{"taxonomy":"post_tag","embeddable":true,"href":"https:\/\/inclusioaltemporda.cat\/portal\/wp-json\/wp\/v2\/tags?post=4145"}],"curies":[{"name":"wp","href":"https:\/\/api.w.org\/{rel}","templated":true}]}}