{"id":4149,"date":"2014-05-08T08:55:38","date_gmt":"2014-05-08T07:55:38","guid":{"rendered":"https:\/\/inclusioaltemporda.cat\/portal\/?p=4149"},"modified":"2016-02-01T09:24:46","modified_gmt":"2016-02-01T08:24:46","slug":"montse-gimenez-nova-portanveu-de-la-taula-entitats-inclusio-alt-emporda","status":"publish","type":"post","link":"https:\/\/inclusioaltemporda.cat\/portal\/montse-gimenez-nova-portanveu-de-la-taula-entitats-inclusio-alt-emporda\/","title":{"rendered":"Montse Gim\u00e9nez, nova portanveu de la Taula Entitats Inclusi\u00f3 Alt Empord\u00e0"},"content":{"rendered":"<p>Montse Gim\u00e9nez, coordinadora del projecte socieducatiu Ksameu i Ksameu Atura&#8217;t de la Fundaci\u00f3 Escola Sant Vicen\u00e7 de Pa\u00fcl de Figueres, va ser escollida ahir en l&#8217;assemblea de la Taula d&#8217;Entitats Inclusi\u00f3 Alt Empord\u00e0, com a nova portanveu d&#8217;aquest espai de treball en xarxa de les entitats socials de la comarca.<\/p>\n<p align=\"JUSTIFY\">Gim\u00e9nez, nascuda a Calella l&#8217;any 1982, \u00e9s llicenciada en Filologia Cl\u00e0ssica i directora en Lleure Infantil i Juvenil per la Fundaci\u00f3 Escola Esplai Girona. La seva experi\u00e8ncia professional s&#8217;ha desenvolupat en el sector de l&#8217;ensenyament i en projectes socioeducatius adre\u00e7ats a joves en situaci\u00f3 de risc i vulnerabilitat social.<\/p>\n<p align=\"JUSTIFY\">La renovaci\u00f3 de portanveus ha estat acordada per l&#8217;assemblea de la Taula d&#8217;acord amb que estableix el Reglament de funcionament d&#8217;aquest ens.<\/p>\n<p align=\"JUSTIFY\">Gimenez comparteix la tasca de portanveu amb Narc\u00eds Bataller, director de l&#8217;ONG Tallers.<\/p>\n<p>&nbsp;<\/p>\n","protected":false},"excerpt":{"rendered":"<p>Montse Gim\u00e9nez, coordinadora del projecte socieducatiu Ksameu de la Fundaci\u00f3 Escola Sant Vicen\u00e7 de Pa\u00fcl de Figueres, va ser escollida ahir nova portanveu de la Taula.<\/p>\n","protected":false},"author":3,"featured_media":4150,"comment_status":"closed","ping_status":"closed","sticky":false,"template":"","format":"standard","meta":{"footnotes":""},"categories":[106,107,101,105,104,103,1,108,102,11],"tags":[],"class_list":["post-4149","post","type-post","status-publish","format-standard","has-post-thumbnail","hentry","category-administracions","category-centres-recerca-universitats","category-ciutadania","category-empreses","category-entitats-socials","category-estudiants-escoles-instituts","category-general","category-mitjans-comunicacio","category-professionals-ambit-social","category-taula-inclusio","category-106","category-107","category-101","category-105","category-104","category-103","category-1","category-108","category-102","category-11","description-off"],"_links":{"self":[{"href":"https:\/\/inclusioaltemporda.cat\/portal\/wp-json\/wp\/v2\/posts\/4149","targetHints":{"allow":["GET"]}}],"collection":[{"href":"https:\/\/inclusioaltemporda.cat\/portal\/wp-json\/wp\/v2\/posts"}],"about":[{"href":"https:\/\/inclusioaltemporda.cat\/portal\/wp-json\/wp\/v2\/types\/post"}],"author":[{"embeddable":true,"href":"https:\/\/inclusioaltemporda.cat\/portal\/wp-json\/wp\/v2\/users\/3"}],"replies":[{"embeddable":true,"href":"https:\/\/inclusioaltemporda.cat\/portal\/wp-json\/wp\/v2\/comments?post=4149"}],"version-history":[{"count":1,"href":"https:\/\/inclusioaltemporda.cat\/portal\/wp-json\/wp\/v2\/posts\/4149\/revisions"}],"predecessor-version":[{"id":4151,"href":"https:\/\/inclusioaltemporda.cat\/portal\/wp-json\/wp\/v2\/posts\/4149\/revisions\/4151"}],"wp:featuredmedia":[{"embeddable":true,"href":"https:\/\/inclusioaltemporda.cat\/portal\/wp-json\/wp\/v2\/media\/4150"}],"wp:attachment":[{"href":"https:\/\/inclusioaltemporda.cat\/portal\/wp-json\/wp\/v2\/media?parent=4149"}],"wp:term":[{"taxonomy":"category","embeddable":true,"href":"https:\/\/inclusioaltemporda.cat\/portal\/wp-json\/wp\/v2\/categories?post=4149"},{"taxonomy":"post_tag","embeddable":true,"href":"https:\/\/inclusioaltemporda.cat\/portal\/wp-json\/wp\/v2\/tags?post=4149"}],"curies":[{"name":"wp","href":"https:\/\/api.w.org\/{rel}","templated":true}]}}