{"id":4152,"date":"2014-05-09T13:57:11","date_gmt":"2014-05-09T12:57:11","guid":{"rendered":"https:\/\/inclusioaltemporda.cat\/portal\/?p=4152"},"modified":"2016-02-01T09:24:46","modified_gmt":"2016-02-01T08:24:46","slug":"com-gestionar-amb-exit-el-voluntariat-jornada-de-treball-a-figueres-el-proper-28-de-maig","status":"publish","type":"post","link":"https:\/\/inclusioaltemporda.cat\/portal\/com-gestionar-amb-exit-el-voluntariat-jornada-de-treball-a-figueres-el-proper-28-de-maig\/","title":{"rendered":"Com gestionar amb \u00e8xit el voluntariat, jornada  de treball a Figueres el proper 28 de maig"},"content":{"rendered":"<p>El proper 28 de maig, en el marc de la Setmana del Voluntariat que organitza la Taula d&#8217;Entitats Alt Empord\u00e0 i la Xarxa de Voluntariat de Figueres de la Fundaci\u00f3 Clerch i Nicolau, tindr\u00e0 lloc una jornada de treball dirigida a professionals d&#8217;entitats, a voluntaris i a la ciutadania sobre <em>Com gestionar amb \u00e8xit el voluntariat<\/em>.<\/p>\n<p lang=\"ca-ES\" align=\"JUSTIFY\">La jornada, <a href=\"https:\/\/inclusioaltemporda.cat\/portal\/wp-content\/uploads\/jornada-de-treball.pdf\">el programa de la qual podeu consultar en aquest enlla\u00e7<\/a>, t\u00e9 com a finalitat promoure un espai de treball i de participaci\u00f3 per aprofundir en les metodologies i reptes que avui planteja la gesti\u00f3 del voluntariat.<\/p>\n<p lang=\"ca-ES\" align=\"JUSTIFY\">\n<p lang=\"ca-ES\" align=\"JUSTIFY\">\n<p lang=\"ca-ES\" align=\"JUSTIFY\">La jornada constar\u00e0 de dues parts i se celebrar\u00e0 a les Escol\u00e0pies de Figueres. Preveu tallers simultanis per promoure eines i habilitats per a la gesti\u00f3 del voluntariat en diferents \u00e0mbits de treball:<\/p>\n<p lang=\"ca-ES\" align=\"JUSTIFY\">1) Infants, adolescents i joves<\/p>\n<p lang=\"ca-ES\" align=\"JUSTIFY\">2) Gent gran<\/p>\n<p lang=\"ca-ES\" align=\"JUSTIFY\">3) Persones amb malaltia<\/p>\n<p lang=\"ca-ES\" align=\"JUSTIFY\">4) Persones amb dificultat mental<\/p>\n<p lang=\"ca-ES\" align=\"JUSTIFY\">5) Fam\u00edlies<\/p>\n<p lang=\"ca-ES\" align=\"JUSTIFY\">Preveu, tamb\u00e9, un debat obert sobre els reptes que planteja la gesti\u00f3 de la diversitat i comptar\u00e0 amb la participaci\u00f3 de diversos ponents. El debat ser\u00e0 moderat per Mohamed El Amrani, president de la Xarxa de Conviv\u00e8ncia de Roses.<\/p>\n<p lang=\"ca-ES\" align=\"JUSTIFY\">Les inscripcions a la jornada estaran obertes fins el proper 26 de maig a la Fundaci\u00f3 Clerch i Nicolau (c. Nou, 53 &#8211; Figueres). Es poden fer presencialment, de dilluns a dijous de 17:00 a 19:00h i per correu electr\u00f2nic, indicant el taller al qual voleu assistir, inscripcions@clerchinicolau.com<\/p>\n<p lang=\"ca-ES\" align=\"JUSTIFY\">Tant els tallers com el debat posterior es podran seguir en <em>streaming<\/em> mitjan\u00e7ant el<em> hashtag<\/em> de twitter: #voluntariataltemporda<\/p>\n<p>&nbsp;<\/p>\n","protected":false},"excerpt":{"rendered":"<p>La jornada de treball \u00e9s oberta i est\u00e0 dirigida a professionals d&#8217;entitats, a voluntaris i a la ciutadania .<\/p>\n","protected":false},"author":3,"featured_media":4153,"comment_status":"closed","ping_status":"closed","sticky":false,"template":"","format":"standard","meta":{"footnotes":""},"categories":[1],"tags":[],"class_list":["post-4152","post","type-post","status-publish","format-standard","has-post-thumbnail","hentry","category-general","category-1","description-off"],"_links":{"self":[{"href":"https:\/\/inclusioaltemporda.cat\/portal\/wp-json\/wp\/v2\/posts\/4152","targetHints":{"allow":["GET"]}}],"collection":[{"href":"https:\/\/inclusioaltemporda.cat\/portal\/wp-json\/wp\/v2\/posts"}],"about":[{"href":"https:\/\/inclusioaltemporda.cat\/portal\/wp-json\/wp\/v2\/types\/post"}],"author":[{"embeddable":true,"href":"https:\/\/inclusioaltemporda.cat\/portal\/wp-json\/wp\/v2\/users\/3"}],"replies":[{"embeddable":true,"href":"https:\/\/inclusioaltemporda.cat\/portal\/wp-json\/wp\/v2\/comments?post=4152"}],"version-history":[{"count":5,"href":"https:\/\/inclusioaltemporda.cat\/portal\/wp-json\/wp\/v2\/posts\/4152\/revisions"}],"predecessor-version":[{"id":5217,"href":"https:\/\/inclusioaltemporda.cat\/portal\/wp-json\/wp\/v2\/posts\/4152\/revisions\/5217"}],"wp:featuredmedia":[{"embeddable":true,"href":"https:\/\/inclusioaltemporda.cat\/portal\/wp-json\/wp\/v2\/media\/4153"}],"wp:attachment":[{"href":"https:\/\/inclusioaltemporda.cat\/portal\/wp-json\/wp\/v2\/media?parent=4152"}],"wp:term":[{"taxonomy":"category","embeddable":true,"href":"https:\/\/inclusioaltemporda.cat\/portal\/wp-json\/wp\/v2\/categories?post=4152"},{"taxonomy":"post_tag","embeddable":true,"href":"https:\/\/inclusioaltemporda.cat\/portal\/wp-json\/wp\/v2\/tags?post=4152"}],"curies":[{"name":"wp","href":"https:\/\/api.w.org\/{rel}","templated":true}]}}