{"id":4159,"date":"2014-05-12T09:47:24","date_gmt":"2014-05-12T08:47:24","guid":{"rendered":"https:\/\/inclusioaltemporda.cat\/portal\/?p=4159"},"modified":"2016-02-01T09:24:46","modified_gmt":"2016-02-01T08:24:46","slug":"el-proper-31-de-maig-celebrem-la-festa-del-voluntariat-figueres-alt-emporda","status":"publish","type":"post","link":"https:\/\/inclusioaltemporda.cat\/portal\/el-proper-31-de-maig-celebrem-la-festa-del-voluntariat-figueres-alt-emporda\/","title":{"rendered":"El proper 31 de maig celebrem la Festa del Voluntariat Figueres-Alt Empord\u00e0"},"content":{"rendered":"<p>La Taula d&#8217;Entitats Inclusi\u00f3 Alt Empord\u00e0 i la Fundaci\u00f3 Clerch i Nicolau estan organitzant la Festa del Voluntariat Figueres-Alt Empord\u00e0 que tindr\u00e0 lloc el proper 31 de maig a la Casa Empord\u00e0 (antic escorxador) a Figueres.<\/p>\n<p>Aquesta iniciativa de les entitats socials de l&#8217;Alt Empord\u00e0 t\u00e9 com a finalitat donar a con\u00e8ixer a la ciutadania els projectes solidaris que porten a terme a Figueres i a la comarca i promoure una major sensibilitzaci\u00f3 a l&#8217;entorn de la tasca del voluntariat social.<\/p>\n<p>Aquesta ser\u00e0 la primera edici\u00f3 de la Festa del Voluntariat, que compta amb un <a href=\"https:\/\/inclusioaltemporda.cat\/portal\/wp-content\/uploads\/FESTA-VOLUNTARIAT-DEFINITIU1.pdf\">programa d&#8217;activitats molt complert, que podeu consultar en aquest enlla\u00e7<\/a>.<\/p>\n<p>La Casa Empord\u00e0 comptar\u00e0 amb diversos espais on s&#8217;han programat un seguit d&#8217;activitats:<\/p>\n<p>Les entitats presentaran els seus projectes solidaris en l&#8217;espai C\u00e0psules i podreu con\u00e8ixer de primera m\u00e0 els projectes en qu\u00e8 estan treballant.<\/p>\n<p>L&#8217;Espai Jocs oferira tallers i activitats per als infants (3-12 anys) i comptar\u00e0 amb l&#8217;actuaci\u00f3 del grup d&#8217;animaci\u00f3 infantil Pa\u00eds de Xauxa.<\/p>\n<p>Al llarg de la tarda s&#8217;han programat diversos concerts: la Jove Orquestra de Figueres, el grup de jazz No Problemo i Pablo Guirao.<\/p>\n<p>A la pla\u00e7a Escorxador podreu participar en la <a href=\"https:\/\/www.youtube.com\/watch?v=IY_HOCMlbBU\"><em>flasmob<\/em> que est\u00e0 organitzant Ksameu i que podeu visionar en aquest v\u00eddeo<\/a>.<\/p>\n<p>Al llarg de tota la festa els Instagramers Solidaris podran captar el millor moment i compartir les seves imatges #instasolidaris<\/p>\n<p>Reserveu la data en l&#8217;agenda !<\/p>\n<p>&nbsp;<\/p>\n","protected":false},"excerpt":{"rendered":"<p>La Taula d&#8217;Entitats Inclusi\u00f3 Alt Empord\u00e0 i la Fundaci\u00f3 Clerch i Nicolau organitzen la 1a Festa del Voluntariat Figueres-Alt Empord\u00e0. <\/p>\n","protected":false},"author":3,"featured_media":4161,"comment_status":"closed","ping_status":"closed","sticky":false,"template":"","format":"standard","meta":{"footnotes":""},"categories":[106,33,101,105,104,103,1,108,102,11],"tags":[],"class_list":["post-4159","post","type-post","status-publish","format-standard","has-post-thumbnail","hentry","category-administracions","category-agenda","category-ciutadania","category-empreses","category-entitats-socials","category-estudiants-escoles-instituts","category-general","category-mitjans-comunicacio","category-professionals-ambit-social","category-taula-inclusio","category-106","category-33","category-101","category-105","category-104","category-103","category-1","category-108","category-102","category-11","description-off"],"_links":{"self":[{"href":"https:\/\/inclusioaltemporda.cat\/portal\/wp-json\/wp\/v2\/posts\/4159","targetHints":{"allow":["GET"]}}],"collection":[{"href":"https:\/\/inclusioaltemporda.cat\/portal\/wp-json\/wp\/v2\/posts"}],"about":[{"href":"https:\/\/inclusioaltemporda.cat\/portal\/wp-json\/wp\/v2\/types\/post"}],"author":[{"embeddable":true,"href":"https:\/\/inclusioaltemporda.cat\/portal\/wp-json\/wp\/v2\/users\/3"}],"replies":[{"embeddable":true,"href":"https:\/\/inclusioaltemporda.cat\/portal\/wp-json\/wp\/v2\/comments?post=4159"}],"version-history":[{"count":9,"href":"https:\/\/inclusioaltemporda.cat\/portal\/wp-json\/wp\/v2\/posts\/4159\/revisions"}],"predecessor-version":[{"id":4173,"href":"https:\/\/inclusioaltemporda.cat\/portal\/wp-json\/wp\/v2\/posts\/4159\/revisions\/4173"}],"wp:featuredmedia":[{"embeddable":true,"href":"https:\/\/inclusioaltemporda.cat\/portal\/wp-json\/wp\/v2\/media\/4161"}],"wp:attachment":[{"href":"https:\/\/inclusioaltemporda.cat\/portal\/wp-json\/wp\/v2\/media?parent=4159"}],"wp:term":[{"taxonomy":"category","embeddable":true,"href":"https:\/\/inclusioaltemporda.cat\/portal\/wp-json\/wp\/v2\/categories?post=4159"},{"taxonomy":"post_tag","embeddable":true,"href":"https:\/\/inclusioaltemporda.cat\/portal\/wp-json\/wp\/v2\/tags?post=4159"}],"curies":[{"name":"wp","href":"https:\/\/api.w.org\/{rel}","templated":true}]}}