{"id":4175,"date":"2014-05-13T12:09:03","date_gmt":"2014-05-13T11:09:03","guid":{"rendered":"https:\/\/inclusioaltemporda.cat\/portal\/?p=4175"},"modified":"2016-02-01T09:24:46","modified_gmt":"2016-02-01T08:24:46","slug":"11a-assemblea-del-consell-consultiu-de-la-gent-gran","status":"publish","type":"post","link":"https:\/\/inclusioaltemporda.cat\/portal\/11a-assemblea-del-consell-consultiu-de-la-gent-gran\/","title":{"rendered":"11a Assemblea del Consell Consultiu de la Gent Gran"},"content":{"rendered":"<p>Avui ha tingut lloc la 11a Assemblea General Ordin\u00e0ria (AGO) del Consell Consultiu de la Gent Gran de l&#8217;Alt Empord\u00e0, organisme que t\u00e9 entre els seus objectius la millora de la coordinaci\u00f3 entre Casals i Associacions de la Gent Gran de la comarca, i la interlocuci\u00f3 entre aquestes i el Consell Comarcal en totes aquelles q\u00fcestions que afectin al desenvolupament de la vida de les persones grans del territori.<\/p>\n<p>L&#8217;AGO, que ha servit per rendir comptes sobre l\u2019activitat del Consell Consultiu l\u2019any 2013, tamb\u00e9 ha perm\u00e8s aprovar per unanimitat el pla de treball per al present any i encetar el proc\u00e9s de treball previ a la celebraci\u00f3 del 7\u00e8 Congr\u00e9s Nacional de la Gent Gran.<\/p>\n<p>Una del les activitats principals que dur\u00e0 a terme el Consell Consultiu durant el 2014 ser\u00e0 la VII Trobada de Casals i Associacions de la Gent Gran de l&#8217;Alt Empord\u00e0, que enguany es celebrar\u00e0 al municipi de Vilafant el dia 9 d&#8217;octubre. Durant el present any el Consell Consultiu tamb\u00e9 participar\u00e0 en l&#8217;elaboraci\u00f3 del protocol comarcal d&#8217;actuaci\u00f3 contra els maltractaments de la gent gran, mesura que a iniciativa del Consell Comarcal s&#8217;est\u00e0 comen\u00e7ant a treballar amb la identificaci\u00f3 i creaci\u00f3 d&#8217;una xarxa d&#8217;agents que intervenen entre aquest \u00e0mbit.<\/p>\n<p>La sessi\u00f3 ordin\u00e0ria de l&#8217;Assemblea del Consell Consultiu tamb\u00e9 ha aprovat la incorporaci\u00f3 del Sr. Climent Llosa i Quintana com a nou membre de la Comissi\u00f3 permanent de l&#8217;organisme.<\/p>\n","protected":false},"excerpt":{"rendered":"<p>Avui ha tingut lloc la 11a AGO del Consell Consultiu de la Gent Gran de l&#8217;Alt Empord\u00e0, que ha comptat amb la participaci\u00f3 de 10 casals.<\/p>\n","protected":false},"author":2,"featured_media":4179,"comment_status":"closed","ping_status":"closed","sticky":false,"template":"","format":"standard","meta":{"footnotes":""},"categories":[106,100,101,104,1,108],"tags":[],"class_list":["post-4175","post","type-post","status-publish","format-standard","has-post-thumbnail","hentry","category-administracions","category-area-benestar","category-ciutadania","category-entitats-socials","category-general","category-mitjans-comunicacio","category-106","category-100","category-101","category-104","category-1","category-108","description-off"],"_links":{"self":[{"href":"https:\/\/inclusioaltemporda.cat\/portal\/wp-json\/wp\/v2\/posts\/4175","targetHints":{"allow":["GET"]}}],"collection":[{"href":"https:\/\/inclusioaltemporda.cat\/portal\/wp-json\/wp\/v2\/posts"}],"about":[{"href":"https:\/\/inclusioaltemporda.cat\/portal\/wp-json\/wp\/v2\/types\/post"}],"author":[{"embeddable":true,"href":"https:\/\/inclusioaltemporda.cat\/portal\/wp-json\/wp\/v2\/users\/2"}],"replies":[{"embeddable":true,"href":"https:\/\/inclusioaltemporda.cat\/portal\/wp-json\/wp\/v2\/comments?post=4175"}],"version-history":[{"count":6,"href":"https:\/\/inclusioaltemporda.cat\/portal\/wp-json\/wp\/v2\/posts\/4175\/revisions"}],"predecessor-version":[{"id":4182,"href":"https:\/\/inclusioaltemporda.cat\/portal\/wp-json\/wp\/v2\/posts\/4175\/revisions\/4182"}],"wp:featuredmedia":[{"embeddable":true,"href":"https:\/\/inclusioaltemporda.cat\/portal\/wp-json\/wp\/v2\/media\/4179"}],"wp:attachment":[{"href":"https:\/\/inclusioaltemporda.cat\/portal\/wp-json\/wp\/v2\/media?parent=4175"}],"wp:term":[{"taxonomy":"category","embeddable":true,"href":"https:\/\/inclusioaltemporda.cat\/portal\/wp-json\/wp\/v2\/categories?post=4175"},{"taxonomy":"post_tag","embeddable":true,"href":"https:\/\/inclusioaltemporda.cat\/portal\/wp-json\/wp\/v2\/tags?post=4175"}],"curies":[{"name":"wp","href":"https:\/\/api.w.org\/{rel}","templated":true}]}}