{"id":4183,"date":"2014-05-14T07:47:35","date_gmt":"2014-05-14T06:47:35","guid":{"rendered":"https:\/\/inclusioaltemporda.cat\/portal\/?p=4183"},"modified":"2016-02-01T09:24:46","modified_gmt":"2016-02-01T08:24:46","slug":"cicle-entrevistes-veu-de-dona-anna-maria-oliveda-del-celler-oliveda","status":"publish","type":"post","link":"https:\/\/inclusioaltemporda.cat\/portal\/cicle-entrevistes-veu-de-dona-anna-maria-oliveda-del-celler-oliveda\/","title":{"rendered":"Cicle Entrevistes Veu de Dona: Anna Maria Oliveda del Celler Oliveda"},"content":{"rendered":"<p>El 23 de maig tindr\u00e0 lloc a Figueres la propera sessi\u00f3 del cicle d&#8217;entrevistes en &#8220;Veu de Dona&#8221; amb l&#8217;entrevista a Anna Maria Oliveda del Celler Oliveda de Capmany.<\/p>\n<p>Aquesta iniciativa que promou l&#8217;Institut Catal\u00e0 de les Dones a les comarques de Girona i que s&#8217;ha organitzat, en aquesta ocasi\u00f3, amb el Servei d&#8217;Atenci\u00f3 a les Dones del Consell Comarcal, t\u00e9 com a finalitat visibilitzar el paper de les dones en tots els \u00e0mbits de la societat: el m\u00f3n empresarial, la cultura, l&#8217;associacionisme, l&#8217;esport, entre d&#8217;altres, per tal de difondre i recon\u00e8ixer la seva tasca.<\/p>\n<p>L&#8217;objectiu de l&#8217;entrevista, que ser\u00e0 condu\u00efda pel periodista Josep Maria Bernils, \u00e9s posar en valor la traject\u00f2ria professional i l&#8217;expertesa d&#8217;Anna Maria Oliveda aix\u00ed com con\u00e8ixer la seva opini\u00f3 sobre q\u00fcestions d&#8217;actualitat.<\/p>\n<p>Aquesta entrevista tindr\u00e0 lloc a la seu del Consell Comarcal de l&#8217;Alt Empord\u00e0 a Figueres (c. Nou, 48) el 23 de maig a les 19h. Es clour\u00e0 l&#8217;acte amb un tast del Grup Oliveda de Capmany.<\/p>\n<p>Cal confirmar assist\u00e8ncia al correu electr\u00f2nic seg\u00fcent: ssocials@altemporda.org o per tel\u00e8fon 972 677 050.<\/p>\n<p>&nbsp;<\/p>\n","protected":false},"excerpt":{"rendered":"<p>El 23 de maig tindr\u00e0 lloc a Figueres la propera sessi\u00f3 del cicle d&#8217;entrevistes en &#8220;Veu de Dona&#8221; amb l&#8217;entrevista a Anna Maria Oliveda.<\/p>\n","protected":false},"author":3,"featured_media":4184,"comment_status":"closed","ping_status":"closed","sticky":false,"template":"","format":"standard","meta":{"footnotes":""},"categories":[106,33,100,101,105,104,1,108],"tags":[],"class_list":["post-4183","post","type-post","status-publish","format-standard","has-post-thumbnail","hentry","category-administracions","category-agenda","category-area-benestar","category-ciutadania","category-empreses","category-entitats-socials","category-general","category-mitjans-comunicacio","category-106","category-33","category-100","category-101","category-105","category-104","category-1","category-108","description-off"],"_links":{"self":[{"href":"https:\/\/inclusioaltemporda.cat\/portal\/wp-json\/wp\/v2\/posts\/4183","targetHints":{"allow":["GET"]}}],"collection":[{"href":"https:\/\/inclusioaltemporda.cat\/portal\/wp-json\/wp\/v2\/posts"}],"about":[{"href":"https:\/\/inclusioaltemporda.cat\/portal\/wp-json\/wp\/v2\/types\/post"}],"author":[{"embeddable":true,"href":"https:\/\/inclusioaltemporda.cat\/portal\/wp-json\/wp\/v2\/users\/3"}],"replies":[{"embeddable":true,"href":"https:\/\/inclusioaltemporda.cat\/portal\/wp-json\/wp\/v2\/comments?post=4183"}],"version-history":[{"count":5,"href":"https:\/\/inclusioaltemporda.cat\/portal\/wp-json\/wp\/v2\/posts\/4183\/revisions"}],"predecessor-version":[{"id":4189,"href":"https:\/\/inclusioaltemporda.cat\/portal\/wp-json\/wp\/v2\/posts\/4183\/revisions\/4189"}],"wp:featuredmedia":[{"embeddable":true,"href":"https:\/\/inclusioaltemporda.cat\/portal\/wp-json\/wp\/v2\/media\/4184"}],"wp:attachment":[{"href":"https:\/\/inclusioaltemporda.cat\/portal\/wp-json\/wp\/v2\/media?parent=4183"}],"wp:term":[{"taxonomy":"category","embeddable":true,"href":"https:\/\/inclusioaltemporda.cat\/portal\/wp-json\/wp\/v2\/categories?post=4183"},{"taxonomy":"post_tag","embeddable":true,"href":"https:\/\/inclusioaltemporda.cat\/portal\/wp-json\/wp\/v2\/tags?post=4183"}],"curies":[{"name":"wp","href":"https:\/\/api.w.org\/{rel}","templated":true}]}}