{"id":4190,"date":"2014-05-15T08:22:15","date_gmt":"2014-05-15T07:22:15","guid":{"rendered":"https:\/\/inclusioaltemporda.cat\/portal\/?p=4190"},"modified":"2016-02-01T09:24:45","modified_gmt":"2016-02-01T08:24:45","slug":"mentorae-finalitza-el-curs-amb-un-trobada-de-mentors","status":"publish","type":"post","link":"https:\/\/inclusioaltemporda.cat\/portal\/mentorae-finalitza-el-curs-amb-un-trobada-de-mentors\/","title":{"rendered":"MentorAE finalitza el curs amb un trobada de mentors"},"content":{"rendered":"<p>Aquesta tarda es celebrar\u00e0 una trobada de mentors que estan participant en el projecte MentoraAE, amb l\u2019objectiu de fer una valoraci\u00f3 conjunta del funcionament del programa coincidint amb l&#8217;acabament del present curs. Aquest ha sigut el primer any en que MentorAE ha format part de la cartera de serveis de l&#8217;\u00c0rea de Benestar del Consell Comarcal com a recurs estable.<\/p>\n<p>A la sessi\u00f3, en la qual participaran els professionals del Consell Comarcal que coordinen el projecte, i els mentors que hi han participat durant el curs, tamb\u00e9 comptar\u00e0 amb la pres\u00e8ncia de nous s\u00e8niors mentors incorporats recentment al projecte.<\/p>\n<p>MentorAE \u00e9s un programa de mentoratge i suport social intergeneracional que t\u00e9 com a finalitat afavorir l\u2019intercanvi i la solidaritat entre generacions (hi participen persones de m\u00e9s de 55 anys, pares i\/o mares i infants), tot promovent experi\u00e8ncies de suport familiar a la comarca que generin un valor social afegit.<\/p>\n<p>Les persones s\u00e8niors que participen en el projecte (sols o en parella) fan de mentors amb fam\u00edlies de risc social lleu mancades de xarxa social. Els mentors s\u00f3n les persones que ofereixen volunt\u00e0riament el seu temps per donar suport i encoratjar altres persones que es troben en situaci\u00f3 de desaventatge, compartint experi\u00e8ncies i coneixements durant un temps.<\/p>\n","protected":false},"excerpt":{"rendered":"<p>La trobada comptar\u00e0 amb la participaci\u00f3 dels mentors que han participat al llarg del curs en el projecte<\/p>\n","protected":false},"author":2,"featured_media":3853,"comment_status":"closed","ping_status":"closed","sticky":false,"template":"","format":"standard","meta":{"footnotes":""},"categories":[106,100,101,1,108,12,102],"tags":[],"class_list":["post-4190","post","type-post","status-publish","format-standard","has-post-thumbnail","hentry","category-administracions","category-area-benestar","category-ciutadania","category-general","category-mitjans-comunicacio","category-pla-dinclusio-2","category-professionals-ambit-social","category-106","category-100","category-101","category-1","category-108","category-12","category-102","description-off"],"_links":{"self":[{"href":"https:\/\/inclusioaltemporda.cat\/portal\/wp-json\/wp\/v2\/posts\/4190","targetHints":{"allow":["GET"]}}],"collection":[{"href":"https:\/\/inclusioaltemporda.cat\/portal\/wp-json\/wp\/v2\/posts"}],"about":[{"href":"https:\/\/inclusioaltemporda.cat\/portal\/wp-json\/wp\/v2\/types\/post"}],"author":[{"embeddable":true,"href":"https:\/\/inclusioaltemporda.cat\/portal\/wp-json\/wp\/v2\/users\/2"}],"replies":[{"embeddable":true,"href":"https:\/\/inclusioaltemporda.cat\/portal\/wp-json\/wp\/v2\/comments?post=4190"}],"version-history":[{"count":3,"href":"https:\/\/inclusioaltemporda.cat\/portal\/wp-json\/wp\/v2\/posts\/4190\/revisions"}],"predecessor-version":[{"id":4193,"href":"https:\/\/inclusioaltemporda.cat\/portal\/wp-json\/wp\/v2\/posts\/4190\/revisions\/4193"}],"wp:featuredmedia":[{"embeddable":true,"href":"https:\/\/inclusioaltemporda.cat\/portal\/wp-json\/wp\/v2\/media\/3853"}],"wp:attachment":[{"href":"https:\/\/inclusioaltemporda.cat\/portal\/wp-json\/wp\/v2\/media?parent=4190"}],"wp:term":[{"taxonomy":"category","embeddable":true,"href":"https:\/\/inclusioaltemporda.cat\/portal\/wp-json\/wp\/v2\/categories?post=4190"},{"taxonomy":"post_tag","embeddable":true,"href":"https:\/\/inclusioaltemporda.cat\/portal\/wp-json\/wp\/v2\/tags?post=4190"}],"curies":[{"name":"wp","href":"https:\/\/api.w.org\/{rel}","templated":true}]}}