{"id":4222,"date":"2014-05-20T08:07:44","date_gmt":"2014-05-20T07:07:44","guid":{"rendered":"https:\/\/inclusioaltemporda.cat\/portal\/?p=4222"},"modified":"2016-02-01T09:24:45","modified_gmt":"2016-02-01T08:24:45","slug":"exit-de-la-1a-jornada-dapoderament-i-capacitacio-parental","status":"publish","type":"post","link":"https:\/\/inclusioaltemporda.cat\/portal\/exit-de-la-1a-jornada-dapoderament-i-capacitacio-parental\/","title":{"rendered":"\u00c8xit de la 1a Jornada d&#8217;apoderament i capacitaci\u00f3 parental"},"content":{"rendered":"<p>Ahir va tenir lloc la 1a Jornada d&#8217;apoderament i capacitaci\u00f3 parental organitzada per l&#8217;\u00e0rea de Benestar del Consell Comarcal que va comptar amb un gran nombre d&#8217;assistents.<\/p>\n<p>M\u00e9s de 80 persones van participar activament en les sessions programades al llarg del mat\u00ed i el taller d&#8217;apoderament de la tarda.<\/p>\n<p>Lourdes Bermejo, doctora en Ci\u00e8ncies de l&#8217;Educaci\u00f3, va centrar la seva exposici\u00f3 en les noves mirades sobre la intervenci\u00f3 social i el treball centrat en la persona.Va subratllar la necessitat que l&#8217;atenci\u00f3 a les persones se situ\u00ef en el centre de les pol\u00edtiques p\u00fabliques per millorar la qualitat de vida i el benestar, i va posar l&#8217;\u00e8mfasi en la garantia de drets, en el respecte a la dignitat i interessos i en la participaci\u00f3 activa de la ciutadania en tot all\u00f2 que afecta la seva vida.<\/p>\n<p>La segona part de la sessi\u00f3 de mat\u00ed es va centrar en con\u00e8ixer experi\u00e8ncies de treball amb fam\u00edlies. L&#8217;equip de Serveis Socials del Casc Antic de Barcelona, Assun Val i Mariona Buixad\u00e9, van presentar l&#8217;experi\u00e8ncia del Rac\u00f3 de les Fam\u00edlies, M. \u00c0ngels Balsells, professora de la Facultat de Ci\u00e8ncies de l&#8217;Educaci\u00f3 a la Universitat de Lleida, va presentar el programa &#8220;Aprendre junts, cr\u00e9ixer en fam\u00edlia&#8221; promogut per la Fundaci\u00f3 La Caixa i l&#8217;equip de t\u00e8cniques de l&#8217;\u00e0rea de Benestar del Consell Comarcal, Judit Juventench, Meritxell Pom\u00e9s i Ester Pujol van presentar l&#8217;Espai de formaci\u00f3 per Fam\u00edlies.<\/p>\n<p>A la tarda, Jordi Baiget i Gl\u00f2ria Torra de l&#8217;equip dels Serveis B\u00e0sics d&#8217;Atenci\u00f3 Social Prim\u00e0ria del Consell Comarcal de l&#8217;Urgell, van dinamitzar un taller d&#8217;apoderament amb t\u00e8cniques de PNL, coaching de vida i humor terap\u00e8utic, i van centrar l&#8217;exposici\u00f3 en una din\u00e0mica concreta: la roda de la vida. <a href=\"http:\/\/projectetalenthuma.blogspot.com.es\/\">Si voleu m\u00e9s informaci\u00f3 sobre aquesta experi\u00e8ncia podeu consultar aquest enlla\u00e7<\/a>.<\/p>\n<p>&nbsp;<\/p>\n","protected":false},"excerpt":{"rendered":"<p>Ahir va tenir lloc la 1a Jornada d&#8217;apoderament i capacitaci\u00f3 parental organitzada per l&#8217;\u00e0rea de Benestar del Consell Comarcal.<\/p>\n","protected":false},"author":3,"featured_media":4223,"comment_status":"closed","ping_status":"closed","sticky":false,"template":"","format":"standard","meta":{"footnotes":""},"categories":[106,100,107,105,104,103,1,108,102],"tags":[],"class_list":["post-4222","post","type-post","status-publish","format-standard","has-post-thumbnail","hentry","category-administracions","category-area-benestar","category-centres-recerca-universitats","category-empreses","category-entitats-socials","category-estudiants-escoles-instituts","category-general","category-mitjans-comunicacio","category-professionals-ambit-social","category-106","category-100","category-107","category-105","category-104","category-103","category-1","category-108","category-102","description-off"],"_links":{"self":[{"href":"https:\/\/inclusioaltemporda.cat\/portal\/wp-json\/wp\/v2\/posts\/4222","targetHints":{"allow":["GET"]}}],"collection":[{"href":"https:\/\/inclusioaltemporda.cat\/portal\/wp-json\/wp\/v2\/posts"}],"about":[{"href":"https:\/\/inclusioaltemporda.cat\/portal\/wp-json\/wp\/v2\/types\/post"}],"author":[{"embeddable":true,"href":"https:\/\/inclusioaltemporda.cat\/portal\/wp-json\/wp\/v2\/users\/3"}],"replies":[{"embeddable":true,"href":"https:\/\/inclusioaltemporda.cat\/portal\/wp-json\/wp\/v2\/comments?post=4222"}],"version-history":[{"count":4,"href":"https:\/\/inclusioaltemporda.cat\/portal\/wp-json\/wp\/v2\/posts\/4222\/revisions"}],"predecessor-version":[{"id":4228,"href":"https:\/\/inclusioaltemporda.cat\/portal\/wp-json\/wp\/v2\/posts\/4222\/revisions\/4228"}],"wp:featuredmedia":[{"embeddable":true,"href":"https:\/\/inclusioaltemporda.cat\/portal\/wp-json\/wp\/v2\/media\/4223"}],"wp:attachment":[{"href":"https:\/\/inclusioaltemporda.cat\/portal\/wp-json\/wp\/v2\/media?parent=4222"}],"wp:term":[{"taxonomy":"category","embeddable":true,"href":"https:\/\/inclusioaltemporda.cat\/portal\/wp-json\/wp\/v2\/categories?post=4222"},{"taxonomy":"post_tag","embeddable":true,"href":"https:\/\/inclusioaltemporda.cat\/portal\/wp-json\/wp\/v2\/tags?post=4222"}],"curies":[{"name":"wp","href":"https:\/\/api.w.org\/{rel}","templated":true}]}}