{"id":4229,"date":"2014-05-21T07:41:29","date_gmt":"2014-05-21T06:41:29","guid":{"rendered":"https:\/\/inclusioaltemporda.cat\/portal\/?p=4229"},"modified":"2016-02-01T09:24:45","modified_gmt":"2016-02-01T08:24:45","slug":"lespai-de-formacio-per-families-a-la-2a-jornada-deaias-de-catalunya","status":"publish","type":"post","link":"https:\/\/inclusioaltemporda.cat\/portal\/lespai-de-formacio-per-families-a-la-2a-jornada-deaias-de-catalunya\/","title":{"rendered":"L&#8217;Espai de Formaci\u00f3 per Fam\u00edlies a la 2a jornada d&#8217;EAIA&#8217;s de Catalunya"},"content":{"rendered":"<p>Aquest mat\u00ed l&#8217;\u00e0rea de Benestar del Consell Comarcal de l&#8217;Alt Empord\u00e0 presentar\u00e0 l&#8217;experi\u00e8ncia de l&#8217;Espai de Formaci\u00f3 per Fam\u00edlies a la 2a jornada d&#8217;EAIA&#8217;s de Catalunya que t\u00e9 lloc a l&#8217;auditori Caixa F\u00f2rum de Barcelona.<\/p>\n<p>Aquesta jornada reuneix professionals del conjunt dels equips d&#8217;atenci\u00f3 a la inf\u00e0ncia i l&#8217;adolesc\u00e8ncia de de Catalunya i t\u00e9 com a finalitat posar en com\u00fa i reflexionar a l&#8217;entorn d&#8217;experi\u00e8ncies de treball i innovaci\u00f3 en aquest \u00e0mbit d&#8217;intervenci\u00f3 professional.<\/p>\n<p>L&#8217;equip de l&#8217;EFF del Consell Comarcal\u00a0 integrat per l&#8217;educadora social Judit Juventench, la psic\u00f2loga Ester Pujol i la pedagoga Meritxell Pom\u00e9s, presentaran l&#8217;experi\u00e8ncia en el marc d&#8217;un espai de treball en qu\u00e8 tamb\u00e9 hi intervindr\u00e0 l&#8217;equip d&#8217;educadors de l&#8217;EAIA de Tarragona i de l&#8217;EAIA de Terrassa.<\/p>\n<p>&nbsp;<\/p>\n","protected":false},"excerpt":{"rendered":"<p>L&#8217;\u00e0rea de Benestar del Consell Comarcal de l&#8217;Alt Empord\u00e0 presenta l&#8217;experi\u00e8ncia de l&#8217;Espai de Formaci\u00f3 per Fam\u00edlies a la 2a jornada d&#8217;EAIA&#8217;s de Catalunya.<\/p>\n","protected":false},"author":3,"featured_media":4232,"comment_status":"closed","ping_status":"closed","sticky":false,"template":"","format":"standard","meta":{"footnotes":""},"categories":[106,100,107,101,105,104,103,1,108,102],"tags":[],"class_list":["post-4229","post","type-post","status-publish","format-standard","has-post-thumbnail","hentry","category-administracions","category-area-benestar","category-centres-recerca-universitats","category-ciutadania","category-empreses","category-entitats-socials","category-estudiants-escoles-instituts","category-general","category-mitjans-comunicacio","category-professionals-ambit-social","category-106","category-100","category-107","category-101","category-105","category-104","category-103","category-1","category-108","category-102","description-off"],"_links":{"self":[{"href":"https:\/\/inclusioaltemporda.cat\/portal\/wp-json\/wp\/v2\/posts\/4229","targetHints":{"allow":["GET"]}}],"collection":[{"href":"https:\/\/inclusioaltemporda.cat\/portal\/wp-json\/wp\/v2\/posts"}],"about":[{"href":"https:\/\/inclusioaltemporda.cat\/portal\/wp-json\/wp\/v2\/types\/post"}],"author":[{"embeddable":true,"href":"https:\/\/inclusioaltemporda.cat\/portal\/wp-json\/wp\/v2\/users\/3"}],"replies":[{"embeddable":true,"href":"https:\/\/inclusioaltemporda.cat\/portal\/wp-json\/wp\/v2\/comments?post=4229"}],"version-history":[{"count":2,"href":"https:\/\/inclusioaltemporda.cat\/portal\/wp-json\/wp\/v2\/posts\/4229\/revisions"}],"predecessor-version":[{"id":4233,"href":"https:\/\/inclusioaltemporda.cat\/portal\/wp-json\/wp\/v2\/posts\/4229\/revisions\/4233"}],"wp:featuredmedia":[{"embeddable":true,"href":"https:\/\/inclusioaltemporda.cat\/portal\/wp-json\/wp\/v2\/media\/4232"}],"wp:attachment":[{"href":"https:\/\/inclusioaltemporda.cat\/portal\/wp-json\/wp\/v2\/media?parent=4229"}],"wp:term":[{"taxonomy":"category","embeddable":true,"href":"https:\/\/inclusioaltemporda.cat\/portal\/wp-json\/wp\/v2\/categories?post=4229"},{"taxonomy":"post_tag","embeddable":true,"href":"https:\/\/inclusioaltemporda.cat\/portal\/wp-json\/wp\/v2\/tags?post=4229"}],"curies":[{"name":"wp","href":"https:\/\/api.w.org\/{rel}","templated":true}]}}