{"id":4236,"date":"2014-05-22T07:55:22","date_gmt":"2014-05-22T06:55:22","guid":{"rendered":"https:\/\/inclusioaltemporda.cat\/portal\/?p=4236"},"modified":"2016-02-01T09:24:45","modified_gmt":"2016-02-01T08:24:45","slug":"13e-concurs-de-cartells-dia-mundial-sense-tabac","status":"publish","type":"post","link":"https:\/\/inclusioaltemporda.cat\/portal\/13e-concurs-de-cartells-dia-mundial-sense-tabac\/","title":{"rendered":"13\u00e8 Concurs de Cartells Dia Mundial sense Tabac"},"content":{"rendered":"<p>El proper 30 de maig a les 13:00 h. es donar\u00e0 a con\u00e8ixer el guanyador\/a del 13\u00e8 Concurs de Cartells del Dia Mundial sense Tabac, que organitza l&#8217;\u00e0rea de Benestar del Consell Comarcal.<\/p>\n<p>Enguany un total de 332 cartells s&#8217;han presentat al Concurs en qu\u00e8 han participat 8 centres educatius de la comarca: l&#8217;Institut Olivar Gran de Figueres, el Centre Escolar Empord\u00e0 de Roses, l&#8217;Institut de Llan\u00e7\u00e0, l&#8217;Institut Alexandre Deulofeu, l&#8217;Institut de Castell\u00f3 d&#8217;Emp\u00faries, l&#8217;Institut Illa de Rodes de Roses, SIN Cap de Creus de Cadaqu\u00e9s i l&#8217;Institut de Vilafant.<\/p>\n<p>El Jurat ha estat integrat per la directora t\u00e8cnica de l&#8217;\u00c0rea de Benestar Social, Rosa Guix\u00e9, la t\u00e8cnica del Servei d&#8217;Atenci\u00f3 a la Inf\u00e0ncia i Adolesc\u00e8ncia i Dona, Meritxell Pom\u00e9s i la t\u00e8cnica del programa Comarcal de Prevenci\u00f3 de Drogodpend\u00e8ncies, Nat\u00e0lia Company.<\/p>\n","protected":false},"excerpt":{"rendered":"<p>El proper 30 de maig a les 13:00 h. es donar\u00e0 a con\u00e8ixer el guanyador\/a del 13\u00e8 Concurs de Cartells del Dia Mundial sense Tabac.<\/p>\n","protected":false},"author":3,"featured_media":4237,"comment_status":"closed","ping_status":"closed","sticky":false,"template":"","format":"standard","meta":{"footnotes":""},"categories":[106,100,101,104,103,1,108,102],"tags":[],"class_list":["post-4236","post","type-post","status-publish","format-standard","has-post-thumbnail","hentry","category-administracions","category-area-benestar","category-ciutadania","category-entitats-socials","category-estudiants-escoles-instituts","category-general","category-mitjans-comunicacio","category-professionals-ambit-social","category-106","category-100","category-101","category-104","category-103","category-1","category-108","category-102","description-off"],"_links":{"self":[{"href":"https:\/\/inclusioaltemporda.cat\/portal\/wp-json\/wp\/v2\/posts\/4236","targetHints":{"allow":["GET"]}}],"collection":[{"href":"https:\/\/inclusioaltemporda.cat\/portal\/wp-json\/wp\/v2\/posts"}],"about":[{"href":"https:\/\/inclusioaltemporda.cat\/portal\/wp-json\/wp\/v2\/types\/post"}],"author":[{"embeddable":true,"href":"https:\/\/inclusioaltemporda.cat\/portal\/wp-json\/wp\/v2\/users\/3"}],"replies":[{"embeddable":true,"href":"https:\/\/inclusioaltemporda.cat\/portal\/wp-json\/wp\/v2\/comments?post=4236"}],"version-history":[{"count":1,"href":"https:\/\/inclusioaltemporda.cat\/portal\/wp-json\/wp\/v2\/posts\/4236\/revisions"}],"predecessor-version":[{"id":4238,"href":"https:\/\/inclusioaltemporda.cat\/portal\/wp-json\/wp\/v2\/posts\/4236\/revisions\/4238"}],"wp:featuredmedia":[{"embeddable":true,"href":"https:\/\/inclusioaltemporda.cat\/portal\/wp-json\/wp\/v2\/media\/4237"}],"wp:attachment":[{"href":"https:\/\/inclusioaltemporda.cat\/portal\/wp-json\/wp\/v2\/media?parent=4236"}],"wp:term":[{"taxonomy":"category","embeddable":true,"href":"https:\/\/inclusioaltemporda.cat\/portal\/wp-json\/wp\/v2\/categories?post=4236"},{"taxonomy":"post_tag","embeddable":true,"href":"https:\/\/inclusioaltemporda.cat\/portal\/wp-json\/wp\/v2\/tags?post=4236"}],"curies":[{"name":"wp","href":"https:\/\/api.w.org\/{rel}","templated":true}]}}