{"id":4240,"date":"2014-05-23T13:48:37","date_gmt":"2014-05-23T12:48:37","guid":{"rendered":"https:\/\/inclusioaltemporda.cat\/portal\/?p=4240"},"modified":"2016-02-01T09:24:44","modified_gmt":"2016-02-01T08:24:44","slug":"la-taula-inclusio-alt-emporda-presenta-la-setmana-del-voluntariat","status":"publish","type":"post","link":"https:\/\/inclusioaltemporda.cat\/portal\/la-taula-inclusio-alt-emporda-presenta-la-setmana-del-voluntariat\/","title":{"rendered":"La Taula Inclusi\u00f3 Alt Empord\u00e0 presenta la Setmana del Voluntariat"},"content":{"rendered":"<p>La <a href=\"http:\/\/www.plataformaentitatsaltemporda.cat\/\" target=\"_blank\">Taula d&#8217;Inclusi\u00f3 del l&#8217;Alt Empord\u00e0<\/a> ha presentat aquest mat\u00ed la primera edici\u00f3 de la Setmana del Voluntariat de l&#8217;Alt Empord\u00e0.<\/p>\n<p>En una roda de premsa, celebrada al nou local de l&#8217;Associaci\u00f3 de Malalts d&#8217;Alzheimer de Figueres, les entitats que formen part de la Taula han volgut presentar aquesta iniciativa que t\u00e9 com a finalitat donar a con\u00e8ixer a la ciutadania els projectes solidaris que porten a terme a Figueres i a la comarca i promoure una major sensibilitzaci\u00f3 a l\u2019entorn de la tasca del voluntariat social.<\/p>\n<p>Els portaveus de la Taula han destacat la necessitat sensibilitzar la ciutadania entorn la import\u00e0ncia de participar activament com a voluntaris en projectes de les entitats socials de la comarca. En aquest sentit, han destacat la import\u00e0ncia de donar a con\u00e8ixer els diferents projectes de voluntariat que duen a terme les entitats de la comarca.<\/p>\n<p lang=\"ca-ES\" align=\"JUSTIFY\">La Setmana del Voluntariat compta amb dues activitats principals. En primer lloc, el dimecres 28 de maig de 17h a 20h tindr\u00e0 lloc a les Escol\u00e0pies de Figueres, una jornada de treball dirigida a professionals d\u2019entitats, a voluntaris i a la ciutadania sobre <em>Com gestionar amb \u00e8xit el voluntariat<\/em>, que t\u00e9 com a finalitat promoure un espai de treball i de participaci\u00f3 per aprofundir en les metodologies i reptes que avui planteja la gesti\u00f3 del voluntariat. Les inscripcions a la jornada estaran obertes fins el proper 26 de maig a la Fundaci\u00f3 Clerch i Nicolau (c. Nou, 53 \u2013 Figueres), i es poden fer correu electr\u00f2nic (inscripcions@clerchinicolau.com) o telef\u00f2nicament (972.503.952). Podeu consultar tot el programa en <a href=\"https:\/\/inclusioaltemporda.cat\/portal\/wp-content\/uploads\/JORNADA-DE-TREBALL.jpg\">aquest enlla\u00e7<\/a>.<\/p>\n<p>El dissabte 31 de maig tindr\u00e0 lloc a la Casa Empord\u00e0 (antic escorxador de Figueres) la Festa del Voluntariat, activitat que servir\u00e0 per cloure la Setmana del Voluntariat de l&#8217;Alt Empord\u00e0. Amb l&#8217;objectiu de sensibilitzar i donar a con\u00e8ixer les entitats socials de la comarca i els seus projectes. La Casa Empord\u00e0 comptar\u00e0 amb diversos espais on s\u2019han programat un seguit d\u2019activitats:<\/p>\n<ul>\n<li>Les entitats presentaran els seus projectes solidaris en l\u2019espai C\u00e0psules i podreu con\u00e8ixer de primera m\u00e0 els projectes en qu\u00e8 estan treballant.<\/li>\n<li>L\u2019Espai Jocs oferira tallers i activitats per als infants (3-12 anys) i comptar\u00e0 amb l\u2019actuaci\u00f3 del grup d\u2019animaci\u00f3 infantil Pa\u00eds de Xauxa.<\/li>\n<li>Al llarg de la tarda s\u2019han programat diversos concerts: la Jove Orquestra de Figueres, el grup de jazz No Problemo i Pablo Guirao.<\/li>\n<li>A la pla\u00e7a Escorxador podreu participar en la <a href=\"https:\/\/www.youtube.com\/watch?v=IY_HOCMlbBU\"><em>flasmob<\/em> que est\u00e0 organitzant Ksameu i que podeu visionar en aquest v\u00eddeo<\/a>.<\/li>\n<li>Al llarg de tota la festa els Instagramers Solidaris podran captar el millor moment i compartir les seves imatges #instasolidaris<\/li>\n<\/ul>\n<p>Podeu consultar el programa de la Festa del Voluntariat en <a href=\"https:\/\/inclusioaltemporda.cat\/portal\/wp-content\/uploads\/FESTA-VOLUNTARIAT-DEFINITIU.jpg\">aquest enlla\u00e7<\/a><\/p>\n<p>&nbsp;<\/p>\n<p>&nbsp;<\/p>\n","protected":false},"excerpt":{"rendered":"<p>La Taula d&#8217;Inclusi\u00f3 del l&#8217;Alt Empord\u00e0 ha presentat aquest mat\u00ed la primera edici\u00f3 de la Setmana del Voluntariat de l&#8217;Alt Empord\u00e0.<\/p>\n","protected":false},"author":2,"featured_media":4241,"comment_status":"closed","ping_status":"closed","sticky":false,"template":"","format":"standard","meta":{"footnotes":""},"categories":[106,100,101,104,1,108,12,11],"tags":[],"class_list":["post-4240","post","type-post","status-publish","format-standard","has-post-thumbnail","hentry","category-administracions","category-area-benestar","category-ciutadania","category-entitats-socials","category-general","category-mitjans-comunicacio","category-pla-dinclusio-2","category-taula-inclusio","category-106","category-100","category-101","category-104","category-1","category-108","category-12","category-11","description-off"],"_links":{"self":[{"href":"https:\/\/inclusioaltemporda.cat\/portal\/wp-json\/wp\/v2\/posts\/4240","targetHints":{"allow":["GET"]}}],"collection":[{"href":"https:\/\/inclusioaltemporda.cat\/portal\/wp-json\/wp\/v2\/posts"}],"about":[{"href":"https:\/\/inclusioaltemporda.cat\/portal\/wp-json\/wp\/v2\/types\/post"}],"author":[{"embeddable":true,"href":"https:\/\/inclusioaltemporda.cat\/portal\/wp-json\/wp\/v2\/users\/2"}],"replies":[{"embeddable":true,"href":"https:\/\/inclusioaltemporda.cat\/portal\/wp-json\/wp\/v2\/comments?post=4240"}],"version-history":[{"count":2,"href":"https:\/\/inclusioaltemporda.cat\/portal\/wp-json\/wp\/v2\/posts\/4240\/revisions"}],"predecessor-version":[{"id":5216,"href":"https:\/\/inclusioaltemporda.cat\/portal\/wp-json\/wp\/v2\/posts\/4240\/revisions\/5216"}],"wp:featuredmedia":[{"embeddable":true,"href":"https:\/\/inclusioaltemporda.cat\/portal\/wp-json\/wp\/v2\/media\/4241"}],"wp:attachment":[{"href":"https:\/\/inclusioaltemporda.cat\/portal\/wp-json\/wp\/v2\/media?parent=4240"}],"wp:term":[{"taxonomy":"category","embeddable":true,"href":"https:\/\/inclusioaltemporda.cat\/portal\/wp-json\/wp\/v2\/categories?post=4240"},{"taxonomy":"post_tag","embeddable":true,"href":"https:\/\/inclusioaltemporda.cat\/portal\/wp-json\/wp\/v2\/tags?post=4240"}],"curies":[{"name":"wp","href":"https:\/\/api.w.org\/{rel}","templated":true}]}}