{"id":4246,"date":"2014-05-26T08:10:06","date_gmt":"2014-05-26T07:10:06","guid":{"rendered":"https:\/\/inclusioaltemporda.cat\/portal\/?p=4246"},"modified":"2016-02-01T09:24:44","modified_gmt":"2016-02-01T08:24:44","slug":"jornada-com-gestionar-amb-exit-el-voluntariat-el-proper-28-de-maig","status":"publish","type":"post","link":"https:\/\/inclusioaltemporda.cat\/portal\/jornada-com-gestionar-amb-exit-el-voluntariat-el-proper-28-de-maig\/","title":{"rendered":"Jornada com gestionar amb \u00e8xit el voluntariat el proper 28 de maig"},"content":{"rendered":"<p>El proper dimecres 28 de maig tindr\u00e0 lloc a Figueres la Jornada com gestionar amb \u00e8xit el voluntariat organitzada per la Taula d&#8217;Entitats d&#8217;Inclusi\u00f3 Social i la Fundaci\u00f3 Clerch i Nicolau.<\/p>\n<p>Aquesta jornada, que se celebrar\u00e0 a les Escol\u00e0pies de Figueres de 17:00 a 20:00 h., t\u00e9 com a finalitat promoure la reflexi\u00f3 i el debat a l&#8217;entorn de la gesti\u00f3 del voluntariat i els reptes que aquest planteja a les entitats i a les administracions.<\/p>\n<p>Prop de 50 professionals i voluntaris de les entitats de Figueres i la comarca participaran en aquesta jornada que comptar\u00e0 amb 5 tallers simultanis orientats a aprofundir en els coneixements, metodologies i estrat\u00e8gies de gesti\u00f3 del voluntariat.<\/p>\n<p>En concret, la <a href=\"http:\/\/www.marianao.net\/ca\">Fundaci\u00f3 Marianao de Sant Boi de Llobregat<\/a>, dinamitzar\u00e0 un taller sobre el voluntariat amb infants, adolescents i joves.<\/p>\n<p><a href=\"http:\/\/www.caritasgirona.cat\/\">C\u00e0ritas Girona<\/a> i la <a href=\"http:\/\/www.salutemporda.cat\/\">Fundaci\u00f3 Salut Empord\u00e0<\/a> es faran c\u00e0rrec del taller sobre el voluntariat amb la gent gran.<\/p>\n<p>La <a href=\"http:\/\/www.fundacioroses.org\/\">Fundaci\u00f3 Roses contra el C\u00e0ncer<\/a> oferir\u00e0 un taller sobre el voluntariat amb persones amb malaltia.<\/p>\n<p>L&#8217;Associaci\u00f3 El Tamariu de Castell\u00f3 d&#8217;Emp\u00faries centrar\u00e0 el taller en la gesti\u00f3 del voluntariat amb persones amb dificultats mentals i el <a href=\"http:\/\/forumdelesfamilies.blogspot.com.es\/\">F\u00f2rum de les Fam\u00edlies Verges Ginjaum<\/a>e conduir\u00e0 una sessi\u00f3 sobre el voluntariat amb fam\u00edlies.<\/p>\n<p>La Jornada es clour\u00e0 amb un debat moderat per Mohamed El Amrani, de la <a href=\"http:\/\/www.xarxadeconvivencia.com\/\">Xarxa de Conviv\u00e8ncia de Roses<\/a>, sobre els reptes en la gesti\u00f3 del voluntariat.<\/p>\n<p>Els tallers i el debat es podran seguir per twitter amb el <em>hashtag<\/em> #voluntariataltemporda<\/p>\n<p><a href=\"https:\/\/inclusioaltemporda.cat\/portal\/wp-content\/uploads\/JORNADA-DE-TREBALL.jpg\">Podeu consultar el programa en aquest enlla\u00e7<\/a>. Avui \u00e9s el darrer dia que estan obertes les inscripcions que podeu fer per tel\u00e8fon 972 503 952 o correu electr\u00f2nic (inscripcions@clerchinicolau.com)<\/p>\n<p>&nbsp;<\/p>\n<p>&nbsp;<\/p>\n<p>&nbsp;<\/p>\n","protected":false},"excerpt":{"rendered":"<p>El proper dimecres 28 de maig tindr\u00e0 lloc a Figueres la Jornada com gestionar amb \u00e8xit el voluntariat que organitza la Taula Entitats i la Fundaci\u00f3 Clerch i Nicolau.<\/p>\n","protected":false},"author":3,"featured_media":4248,"comment_status":"closed","ping_status":"closed","sticky":false,"template":"","format":"standard","meta":{"footnotes":""},"categories":[106,33,100,107,101,105,104,103,1,102,11],"tags":[],"class_list":["post-4246","post","type-post","status-publish","format-standard","has-post-thumbnail","hentry","category-administracions","category-agenda","category-area-benestar","category-centres-recerca-universitats","category-ciutadania","category-empreses","category-entitats-socials","category-estudiants-escoles-instituts","category-general","category-professionals-ambit-social","category-taula-inclusio","category-106","category-33","category-100","category-107","category-101","category-105","category-104","category-103","category-1","category-102","category-11","description-off"],"_links":{"self":[{"href":"https:\/\/inclusioaltemporda.cat\/portal\/wp-json\/wp\/v2\/posts\/4246","targetHints":{"allow":["GET"]}}],"collection":[{"href":"https:\/\/inclusioaltemporda.cat\/portal\/wp-json\/wp\/v2\/posts"}],"about":[{"href":"https:\/\/inclusioaltemporda.cat\/portal\/wp-json\/wp\/v2\/types\/post"}],"author":[{"embeddable":true,"href":"https:\/\/inclusioaltemporda.cat\/portal\/wp-json\/wp\/v2\/users\/3"}],"replies":[{"embeddable":true,"href":"https:\/\/inclusioaltemporda.cat\/portal\/wp-json\/wp\/v2\/comments?post=4246"}],"version-history":[{"count":5,"href":"https:\/\/inclusioaltemporda.cat\/portal\/wp-json\/wp\/v2\/posts\/4246\/revisions"}],"predecessor-version":[{"id":5215,"href":"https:\/\/inclusioaltemporda.cat\/portal\/wp-json\/wp\/v2\/posts\/4246\/revisions\/5215"}],"wp:featuredmedia":[{"embeddable":true,"href":"https:\/\/inclusioaltemporda.cat\/portal\/wp-json\/wp\/v2\/media\/4248"}],"wp:attachment":[{"href":"https:\/\/inclusioaltemporda.cat\/portal\/wp-json\/wp\/v2\/media?parent=4246"}],"wp:term":[{"taxonomy":"category","embeddable":true,"href":"https:\/\/inclusioaltemporda.cat\/portal\/wp-json\/wp\/v2\/categories?post=4246"},{"taxonomy":"post_tag","embeddable":true,"href":"https:\/\/inclusioaltemporda.cat\/portal\/wp-json\/wp\/v2\/tags?post=4246"}],"curies":[{"name":"wp","href":"https:\/\/api.w.org\/{rel}","templated":true}]}}