{"id":4252,"date":"2014-05-27T07:47:44","date_gmt":"2014-05-27T06:47:44","guid":{"rendered":"https:\/\/inclusioaltemporda.cat\/portal\/?p=4252"},"modified":"2016-02-01T09:24:44","modified_gmt":"2016-02-01T08:24:44","slug":"la-fundacio-gala-salvador-dali-i-el-museu-del-joguet-col%c2%b7laboren-en-la-festa-del-voluntariat","status":"publish","type":"post","link":"https:\/\/inclusioaltemporda.cat\/portal\/la-fundacio-gala-salvador-dali-i-el-museu-del-joguet-col%c2%b7laboren-en-la-festa-del-voluntariat\/","title":{"rendered":"La Fundaci\u00f3 Gala-Salvador Dal\u00ed i el Museu del Joguet col\u00b7laboren en la Festa del Voluntariat"},"content":{"rendered":"<p>La Fundaci\u00f3 Gala-Salvador Dal\u00ed i el Museu del Joguet participaran en l&#8217;Espai Joc de la Festa del Voluntariat Figueres-Alt Empord\u00e0 del proper 31 de maig.<\/p>\n<p>La Fundaci\u00f3 Gala-Salvador Dal\u00ed proposa als infants que vinguin a la festa a participar en el taller Surrealitza&#8217;t per crear obres surrealistes a partir de la t\u00e8cnica del collage i la fotografia, i l&#8217;\u00fas de la imaginaci\u00f3 i la creativitat. Aquest taller tindr\u00e0 lloc a les 16:30h en l&#8217;Espai Joc de la Casa Empord\u00e0.<\/p>\n<p>El Museu del Joguet de Catalunya nodrir\u00e0 al llarg de tota la jornada l&#8217;Espai Joc, amb jocs de lliure \u00fas per als infants i fam\u00edlies que participin a la festa.<\/p>\n<p>Les entitats de la Taula d&#8217;Inclusi\u00f3 de l&#8217;Alt Empord\u00e0 celebren i agraeixen aquesta col\u00b7laboraci\u00f3 desinteressada de la Fundaci\u00f3 Gala-Salvador Dal\u00ed i del Museu del Joguet de Catalunya i la seva participaci\u00f3 en la Festa del Voluntariat Figueres-Alt Empord\u00e0.<\/p>\n","protected":false},"excerpt":{"rendered":"<p>La Fundaci\u00f3 Gala-Salvador Dal\u00ed i el Museu del Joguet participaran en l&#8217;Espai Joc de la Festa del Voluntariat Figueres-Alt Empord\u00e0 del proper 31 de maig.<\/p>\n","protected":false},"author":3,"featured_media":4253,"comment_status":"closed","ping_status":"closed","sticky":false,"template":"","format":"standard","meta":{"footnotes":""},"categories":[106,33,101,105,104,103,1,108,11],"tags":[],"class_list":["post-4252","post","type-post","status-publish","format-standard","has-post-thumbnail","hentry","category-administracions","category-agenda","category-ciutadania","category-empreses","category-entitats-socials","category-estudiants-escoles-instituts","category-general","category-mitjans-comunicacio","category-taula-inclusio","category-106","category-33","category-101","category-105","category-104","category-103","category-1","category-108","category-11","description-off"],"_links":{"self":[{"href":"https:\/\/inclusioaltemporda.cat\/portal\/wp-json\/wp\/v2\/posts\/4252","targetHints":{"allow":["GET"]}}],"collection":[{"href":"https:\/\/inclusioaltemporda.cat\/portal\/wp-json\/wp\/v2\/posts"}],"about":[{"href":"https:\/\/inclusioaltemporda.cat\/portal\/wp-json\/wp\/v2\/types\/post"}],"author":[{"embeddable":true,"href":"https:\/\/inclusioaltemporda.cat\/portal\/wp-json\/wp\/v2\/users\/3"}],"replies":[{"embeddable":true,"href":"https:\/\/inclusioaltemporda.cat\/portal\/wp-json\/wp\/v2\/comments?post=4252"}],"version-history":[{"count":9,"href":"https:\/\/inclusioaltemporda.cat\/portal\/wp-json\/wp\/v2\/posts\/4252\/revisions"}],"predecessor-version":[{"id":4262,"href":"https:\/\/inclusioaltemporda.cat\/portal\/wp-json\/wp\/v2\/posts\/4252\/revisions\/4262"}],"wp:featuredmedia":[{"embeddable":true,"href":"https:\/\/inclusioaltemporda.cat\/portal\/wp-json\/wp\/v2\/media\/4253"}],"wp:attachment":[{"href":"https:\/\/inclusioaltemporda.cat\/portal\/wp-json\/wp\/v2\/media?parent=4252"}],"wp:term":[{"taxonomy":"category","embeddable":true,"href":"https:\/\/inclusioaltemporda.cat\/portal\/wp-json\/wp\/v2\/categories?post=4252"},{"taxonomy":"post_tag","embeddable":true,"href":"https:\/\/inclusioaltemporda.cat\/portal\/wp-json\/wp\/v2\/tags?post=4252"}],"curies":[{"name":"wp","href":"https:\/\/api.w.org\/{rel}","templated":true}]}}