{"id":4272,"date":"2014-05-29T07:51:53","date_gmt":"2014-05-29T06:51:53","guid":{"rendered":"https:\/\/inclusioaltemporda.cat\/portal\/?p=4272"},"modified":"2016-02-01T09:24:44","modified_gmt":"2016-02-01T08:24:44","slug":"ja-tenim-guanyadors-del-13e-concurs-de-cartells-del-dia-mundial-sense-tabac","status":"publish","type":"post","link":"https:\/\/inclusioaltemporda.cat\/portal\/ja-tenim-guanyadors-del-13e-concurs-de-cartells-del-dia-mundial-sense-tabac\/","title":{"rendered":"Ja tenim guanyadors del 13\u00e8 Concurs de Cartells del Dia Mundial sense Tabac"},"content":{"rendered":"<p>Dem\u00e0 a les 13:00h. es lliuraran els premis del 13\u00e8 Concurs de Cartells del Dia Mundial sense Tabac a la seu del Consell Comarcal.<\/p>\n<p>Enguany han participat 8 centres de la comarca (<span lang=\"ca-ES\">Institut\u00a0Olivar Gran de Figueres, Centre Escolar Empord\u00e0 de Roses, Institut de Llan\u00e7\u00e0, Institut Alexandre Deulofeu, Institut de Castell\u00f3 d&#8217;Emp\u00faries, Institut Illa de Rodes de Roses, SIN Cap de Creus de Cadaqu\u00e9s i Institut de Vilafant) i s&#8217;han presentat un total de 332 cartells.<\/span><\/p>\n<p>El cartell guanyador ha estat el de Timeea Andreea Brasovanu, alumna de 4t d&#8217;ESO de l&#8217;Institut de Castell\u00f3 d&#8217;Emp\u00faries.<\/p>\n<p>El jurat dels premis ha atorgat 2 acc\u00e8ssits als cartells presentats pels alumnes Leah Zaub Burset i Vanessa Muscolino Pantano, de 1r d&#8217;ESO del Centre Escolar Empord\u00e0, i X\u00e8nia Segura, alumna de 4t d&#8217;ESO de l&#8217;Institut de Castell\u00f3 d&#8217;Emp\u00faries.<\/p>\n","protected":false},"excerpt":{"rendered":"<p>Dem\u00e0 a les 13:00h. es lliuraran els premis del 13\u00e8 Concurs de Cartells del Dia Mundial sense Tabac a la seu del Consell Comarcal.<\/p>\n","protected":false},"author":3,"featured_media":4273,"comment_status":"closed","ping_status":"closed","sticky":false,"template":"","format":"standard","meta":{"footnotes":""},"categories":[106,33,100,101,105,104,103,1,108],"tags":[],"class_list":["post-4272","post","type-post","status-publish","format-standard","has-post-thumbnail","hentry","category-administracions","category-agenda","category-area-benestar","category-ciutadania","category-empreses","category-entitats-socials","category-estudiants-escoles-instituts","category-general","category-mitjans-comunicacio","category-106","category-33","category-100","category-101","category-105","category-104","category-103","category-1","category-108","description-off"],"_links":{"self":[{"href":"https:\/\/inclusioaltemporda.cat\/portal\/wp-json\/wp\/v2\/posts\/4272","targetHints":{"allow":["GET"]}}],"collection":[{"href":"https:\/\/inclusioaltemporda.cat\/portal\/wp-json\/wp\/v2\/posts"}],"about":[{"href":"https:\/\/inclusioaltemporda.cat\/portal\/wp-json\/wp\/v2\/types\/post"}],"author":[{"embeddable":true,"href":"https:\/\/inclusioaltemporda.cat\/portal\/wp-json\/wp\/v2\/users\/3"}],"replies":[{"embeddable":true,"href":"https:\/\/inclusioaltemporda.cat\/portal\/wp-json\/wp\/v2\/comments?post=4272"}],"version-history":[{"count":1,"href":"https:\/\/inclusioaltemporda.cat\/portal\/wp-json\/wp\/v2\/posts\/4272\/revisions"}],"predecessor-version":[{"id":4274,"href":"https:\/\/inclusioaltemporda.cat\/portal\/wp-json\/wp\/v2\/posts\/4272\/revisions\/4274"}],"wp:featuredmedia":[{"embeddable":true,"href":"https:\/\/inclusioaltemporda.cat\/portal\/wp-json\/wp\/v2\/media\/4273"}],"wp:attachment":[{"href":"https:\/\/inclusioaltemporda.cat\/portal\/wp-json\/wp\/v2\/media?parent=4272"}],"wp:term":[{"taxonomy":"category","embeddable":true,"href":"https:\/\/inclusioaltemporda.cat\/portal\/wp-json\/wp\/v2\/categories?post=4272"},{"taxonomy":"post_tag","embeddable":true,"href":"https:\/\/inclusioaltemporda.cat\/portal\/wp-json\/wp\/v2\/tags?post=4272"}],"curies":[{"name":"wp","href":"https:\/\/api.w.org\/{rel}","templated":true}]}}