{"id":4275,"date":"2014-05-30T07:57:03","date_gmt":"2014-05-30T06:57:03","guid":{"rendered":"https:\/\/inclusioaltemporda.cat\/portal\/?p=4275"},"modified":"2016-02-01T09:24:44","modified_gmt":"2016-02-01T08:24:44","slug":"festa-del-voluntariat-figueres-alt-emporda-fem-creixer-la-solidaritat","status":"publish","type":"post","link":"https:\/\/inclusioaltemporda.cat\/portal\/festa-del-voluntariat-figueres-alt-emporda-fem-creixer-la-solidaritat\/","title":{"rendered":"Festa del Voluntariat Figueres-Alt Empord\u00e0: fem cr\u00e9ixer la solidaritat"},"content":{"rendered":"<p>Dem\u00e0 al llarg del dia se celebrar\u00e0 la Festa del Voluntariat a la Casa Empord\u00e0 (antic escorxador) de Figueres.<\/p>\n<p>Les entitats de la Taula d&#8217;Inclusi\u00f3 Social i la Fundaci\u00f3 Clerch i Nicolau conviden la ciutadania a una jornada festiva per con\u00e8ixer els projectes solidaris de la comarca.<\/p>\n<p>La Festa oferir\u00e0 diferents espais l\u00fadics per compartir amb joves, fam\u00edlies i gent gran. Al mat\u00ed (12:00h) Pa\u00eds de Xauxa oferir\u00e0 un espectacle infantil que s&#8217;acompanyar\u00e0 de tallers al llarg de tot el dia, per als quals comptem amb la col\u00b7laboraci\u00f3 de la Fundaci\u00f3 Gala-Dal\u00ed que dinamitza el taller Surrealitza&#8217;t a les 16:30h. i jocs cedits pel Museu del Joguet de Figueres. El projecte Ksameu dinamitzar\u00e0 els tallers de bra\u00e7alets, maquillatge i dibuix.<\/p>\n<p>Per la tarda, gaudirem dels concerts de la Jove Orquestra de l&#8217;Empord\u00e0, del grup de jazz No Problemo i del jazzmen Pablo Guirao.<\/p>\n<p>Tamb\u00e9 podreu participar a la flashmob Grease de Ksameu a les 12:00h i a les 17:00h. <a href=\"https:\/\/inclusioaltemporda.cat\/portal\/wp-content\/uploads\/FESTA-VOLUNTARIAT-DEFINITIU.jpg\">Consulteu el programa en aquest enlla\u00e7<\/a>.<\/p>\n<p>Els instagramers solidaris capturaran el seu moment de la festa #instasolidaris.<\/p>\n<p>Fes cr\u00e9ixer la solidaritat a la comarca !<\/p>\n<p>Us hi esperem !<\/p>\n","protected":false},"excerpt":{"rendered":"<p>Dem\u00e0 al llarg del dia se celebrar\u00e0 la Festa del Voluntariat a la Casa Empord\u00e0 (antic escorxador) de Figueres.<\/p>\n","protected":false},"author":3,"featured_media":4277,"comment_status":"closed","ping_status":"closed","sticky":false,"template":"","format":"standard","meta":{"footnotes":""},"categories":[106,33,100,107,101,105,104,103,1,108,11],"tags":[],"class_list":["post-4275","post","type-post","status-publish","format-standard","has-post-thumbnail","hentry","category-administracions","category-agenda","category-area-benestar","category-centres-recerca-universitats","category-ciutadania","category-empreses","category-entitats-socials","category-estudiants-escoles-instituts","category-general","category-mitjans-comunicacio","category-taula-inclusio","category-106","category-33","category-100","category-107","category-101","category-105","category-104","category-103","category-1","category-108","category-11","description-off"],"_links":{"self":[{"href":"https:\/\/inclusioaltemporda.cat\/portal\/wp-json\/wp\/v2\/posts\/4275","targetHints":{"allow":["GET"]}}],"collection":[{"href":"https:\/\/inclusioaltemporda.cat\/portal\/wp-json\/wp\/v2\/posts"}],"about":[{"href":"https:\/\/inclusioaltemporda.cat\/portal\/wp-json\/wp\/v2\/types\/post"}],"author":[{"embeddable":true,"href":"https:\/\/inclusioaltemporda.cat\/portal\/wp-json\/wp\/v2\/users\/3"}],"replies":[{"embeddable":true,"href":"https:\/\/inclusioaltemporda.cat\/portal\/wp-json\/wp\/v2\/comments?post=4275"}],"version-history":[{"count":2,"href":"https:\/\/inclusioaltemporda.cat\/portal\/wp-json\/wp\/v2\/posts\/4275\/revisions"}],"predecessor-version":[{"id":4278,"href":"https:\/\/inclusioaltemporda.cat\/portal\/wp-json\/wp\/v2\/posts\/4275\/revisions\/4278"}],"wp:featuredmedia":[{"embeddable":true,"href":"https:\/\/inclusioaltemporda.cat\/portal\/wp-json\/wp\/v2\/media\/4277"}],"wp:attachment":[{"href":"https:\/\/inclusioaltemporda.cat\/portal\/wp-json\/wp\/v2\/media?parent=4275"}],"wp:term":[{"taxonomy":"category","embeddable":true,"href":"https:\/\/inclusioaltemporda.cat\/portal\/wp-json\/wp\/v2\/categories?post=4275"},{"taxonomy":"post_tag","embeddable":true,"href":"https:\/\/inclusioaltemporda.cat\/portal\/wp-json\/wp\/v2\/tags?post=4275"}],"curies":[{"name":"wp","href":"https:\/\/api.w.org\/{rel}","templated":true}]}}