{"id":4280,"date":"2014-06-02T10:20:50","date_gmt":"2014-06-02T09:20:50","guid":{"rendered":"https:\/\/inclusioaltemporda.cat\/portal\/?p=4280"},"modified":"2016-02-01T09:24:44","modified_gmt":"2016-02-01T08:24:44","slug":"preinscripcio-programes-de-formacio-i-insercio-pla-de-transicio-al-treball","status":"publish","type":"post","link":"https:\/\/inclusioaltemporda.cat\/portal\/preinscripcio-programes-de-formacio-i-insercio-pla-de-transicio-al-treball\/","title":{"rendered":"Preinscripci\u00f3 Programes de Formaci\u00f3 i Inserci\u00f3-Pla de Transici\u00f3 al Treball"},"content":{"rendered":"<p>Fins el 6 de juny est\u00e0 obert el per\u00edode de sol\u00b7licituds del proc\u00e9s de preinscripci\u00f3 als Programes de Formaci\u00f3 i Inserci\u00f3 (Pla de Transici\u00f3 al Treball) per al curs 2014-2015.<\/p>\n<p>Els programes de Formaci\u00f3 i Inserci\u00f3 estan adre\u00e7ats als joves que compleixin com a m\u00ednim 16 anys i com a m\u00e0xim 21 en l&#8217;any d&#8217;inici del programa, que no hagin acabat l&#8217;educaci\u00f3 secund\u00e0ria obligat\u00f2ria i per tant no tinguin el t\u00edtol i que, en el moment d&#8217;iniciar els programes, no segueixin estudis en el sistema educatiu ni participin en altres accions de formaci\u00f3.<\/p>\n<p>Aquests programes ofereixen cursos formatius d&#8217;un any de durada a aquests joves que els permetin retornar al sistema educatiu per prosseguir estudis de formaci\u00f3 professionals i faciliten tamb\u00e9 l&#8217;aprenentatge per accedir al mercat de treball amb\u00a0 una ocupaci\u00f3 qualificada i duradora.<\/p>\n<p>Aquests programes de formaci\u00f3 i inserci\u00f3 s&#8217;estructuren en m\u00f2duls de formaci\u00f3 professional, m\u00f2duls de formaci\u00f3 general i accions de seguiment i orientaci\u00f3 de l&#8217;alumne.<\/p>\n<p>Els programes s&#8217;ofereixen en 3 modalitats:<\/p>\n<p>&#8211; Plans d&#8217;Iniciaci\u00f3 Professional (PIP) que es cursen en instituts titularitat del Departament d&#8217;Ensenyament i en centres docents privats i establiments de formaci\u00f3 autoritzats.<\/p>\n<p>&#8211; Plans de Transici\u00f3 al Treball (PTT), organitzats en col\u00b7laboraci\u00f3 entre el Departament d&#8217;Ensenyament i les administracions locals.<\/p>\n<p>&#8211; Programes de Formaci\u00f3 i Aprenentatge Professional (FIAP), que es cursen en instituts de titularitat del departament d&#8217;Ensenyament.<\/p>\n<p><a href=\"https:\/\/inclusioaltemporda.cat\/portal\/wp-content\/uploads\/Cartell-calendari-preinscripcio-matricula-CURS-2024-2015.doc\">En aquest enlla\u00e7 podeu consultar el calendari del proc\u00e9s de preinscripci\u00f3<\/a>. En aquest altre podeu accedir al <a href=\"https:\/\/inclusioaltemporda.cat\/portal\/wp-content\/uploads\/Sol\u00b7licitud-Preinscripci\u00f3.pdf\">full de preinscripci\u00f3<\/a>.<\/p>\n<p>M\u00e9s informaci\u00f3 i preinscripcions a Centre de Formaci\u00f3 Integrat de Figueres (ronda Sud, 3). Tel. 972 511 296. Horari: dilluns a divendres de 9 a 13h.<\/p>\n<p>&nbsp;<\/p>\n<p>&nbsp;<\/p>\n","protected":false},"excerpt":{"rendered":"<p>Fins el 6 de juny est\u00e0 obert el per\u00edode de sol\u00b7licituds del proc\u00e9s de preinscripci\u00f3 als Programes de Formaci\u00f3 i Inserci\u00f3 (Pla de Transici\u00f3 al Treball)<\/p>\n","protected":false},"author":3,"featured_media":4281,"comment_status":"closed","ping_status":"closed","sticky":false,"template":"","format":"standard","meta":{"footnotes":""},"categories":[106,33,100,101,105,104,103,1,108,102],"tags":[],"class_list":["post-4280","post","type-post","status-publish","format-standard","has-post-thumbnail","hentry","category-administracions","category-agenda","category-area-benestar","category-ciutadania","category-empreses","category-entitats-socials","category-estudiants-escoles-instituts","category-general","category-mitjans-comunicacio","category-professionals-ambit-social","category-106","category-33","category-100","category-101","category-105","category-104","category-103","category-1","category-108","category-102","description-off"],"_links":{"self":[{"href":"https:\/\/inclusioaltemporda.cat\/portal\/wp-json\/wp\/v2\/posts\/4280","targetHints":{"allow":["GET"]}}],"collection":[{"href":"https:\/\/inclusioaltemporda.cat\/portal\/wp-json\/wp\/v2\/posts"}],"about":[{"href":"https:\/\/inclusioaltemporda.cat\/portal\/wp-json\/wp\/v2\/types\/post"}],"author":[{"embeddable":true,"href":"https:\/\/inclusioaltemporda.cat\/portal\/wp-json\/wp\/v2\/users\/3"}],"replies":[{"embeddable":true,"href":"https:\/\/inclusioaltemporda.cat\/portal\/wp-json\/wp\/v2\/comments?post=4280"}],"version-history":[{"count":4,"href":"https:\/\/inclusioaltemporda.cat\/portal\/wp-json\/wp\/v2\/posts\/4280\/revisions"}],"predecessor-version":[{"id":4287,"href":"https:\/\/inclusioaltemporda.cat\/portal\/wp-json\/wp\/v2\/posts\/4280\/revisions\/4287"}],"wp:featuredmedia":[{"embeddable":true,"href":"https:\/\/inclusioaltemporda.cat\/portal\/wp-json\/wp\/v2\/media\/4281"}],"wp:attachment":[{"href":"https:\/\/inclusioaltemporda.cat\/portal\/wp-json\/wp\/v2\/media?parent=4280"}],"wp:term":[{"taxonomy":"category","embeddable":true,"href":"https:\/\/inclusioaltemporda.cat\/portal\/wp-json\/wp\/v2\/categories?post=4280"},{"taxonomy":"post_tag","embeddable":true,"href":"https:\/\/inclusioaltemporda.cat\/portal\/wp-json\/wp\/v2\/tags?post=4280"}],"curies":[{"name":"wp","href":"https:\/\/api.w.org\/{rel}","templated":true}]}}