{"id":4289,"date":"2014-06-03T07:38:19","date_gmt":"2014-06-03T06:38:19","guid":{"rendered":"https:\/\/inclusioaltemporda.cat\/portal\/?p=4289"},"modified":"2016-02-01T09:24:43","modified_gmt":"2016-02-01T08:24:43","slug":"jornada-mirades-plurals-la-gestio-de-la-diversitat-des-del-territori","status":"publish","type":"post","link":"https:\/\/inclusioaltemporda.cat\/portal\/jornada-mirades-plurals-la-gestio-de-la-diversitat-des-del-territori\/","title":{"rendered":"Jornada Mirades Plurals: la gesti\u00f3 de la diversitat des del territori"},"content":{"rendered":"<p>Aquest mat\u00ed tindr\u00e0 lloc la jornada <em>Mirades plurals. La gesti\u00f3 de la diversitat des del territori<\/em> a la seu del Consell Comarcal, <a href=\"https:\/\/inclusioaltemporda.cat\/portal\/wp-content\/uploads\/PROGRAMA-JORNADA-MIRADES-PLURALS_4-JUNY.jpg\">el programa de la qual podeu consultar en aquest enlla\u00e7<\/a>.<\/p>\n<p>Aquesta Jornada, que forma part de l&#8217;intercanvi d&#8217;experi\u00e8ncies del <a href=\"http:\/\/www.labourplus.eu\/\">Projecte Europeu Labour Plus<\/a>, t\u00e9 com a finalitat compartir coneixement i innovar en relaci\u00f3 a la gesti\u00f3 de la diversitat a partir d&#8217;actuacions i aprenentatges en curs en diversos territoris.<\/p>\n<p>La jornada est\u00e0 oberta als agents locals de la comarca i est\u00e0 orientada a promoure el coneixement sobre la gesti\u00f3 de la diversitat intercultural a escala local des de diferents \u00e0mbits d&#8217;intervenci\u00f3: l&#8217;educaci\u00f3, el benestar social, la salut, la cultura, la participaci\u00f3 i el teixit associatiu, l&#8217;esport i els mitjans de comunicaci\u00f3.<\/p>\n<p>En el decurs de la jornada es projectar\u00e0 l&#8217;audiovisual i es presentar\u00e0 i distribuir\u00e0 la publicaci\u00f3 <em>Mirades plurals. La gesti\u00f3 de la diversitat a l&#8217;Alt Empord\u00e0<\/em>, en qu\u00e8 han participat diversos agents de la comarca: l&#8217;Institut p\u00fablic de La Jonquera; el Servei Jove de l&#8217;Ajuntament de Castell\u00f3 d&#8217;Emp\u00faries, els serveis socials b\u00e0sics del Consell Comarcal, l&#8217;\u00c0rea de Ginecologia i Pediatria de l&#8217;Hospital de Figueres, el Festival Ingr\u00e0vid de Cultura Contempor\u00e0nia de l&#8217;Empord\u00e0, la Xarxa de Conviv\u00e8ncia de Roses, el Club Esportiu Junc\u00e0ria i Tramuntana TV.<\/p>\n<p>El projecte Labour Plus est\u00e0 cofinan\u00e7at per la Comissi\u00f3 Europea (Interreg IVC) i es va posar en marxa l&#8217;any 2012. L&#8217;\u00e0rea de Benestar del Consell Comarcal, que lidera els continguts del projecte, participa juntament amb deu socis europeus en aquesta iniciativa: Ajuntament de Nieuwegen (Pa\u00efsos Baixos), Prov\u00edncia de Padua (It\u00e0lia), ENTP (European New Towns &amp; Pilot Cities Platform), Universitat de Latvia (Let\u00f2nia), Antwerp Centre for Minorities (B\u00e8lgica), Ajuntament de Nagyk\u00e1llo (Hongria), Mittelhessischer Bildungsverbaud (Marburg, Alemanya), Agencia de Desarrollo (Santa Cruz de Tenerife), Newry and Mourne District Council (Gran Bretanya) i l&#8217;Administraci\u00f3 Regional de Sofia (Bulg\u00e0ria).<\/p>\n<p>Si us voleu inscriure, encara hi sou a temps. Ho podeu fer per correu electr\u00f2nic (ssocials@altemporda.cat) o per tel\u00e8fon (972 67 70 50).<\/p>\n","protected":false},"excerpt":{"rendered":"<p>Aquest mat\u00ed tindr\u00e0 lloc la jornada Mirades plurals. La gesti\u00f3 de la diversitat des del territori a la seu del Consell Comarcal.<\/p>\n","protected":false},"author":3,"featured_media":4291,"comment_status":"closed","ping_status":"closed","sticky":false,"template":"","format":"standard","meta":{"footnotes":""},"categories":[106,33,100,107,101,105,104,103,1,108,102],"tags":[],"class_list":["post-4289","post","type-post","status-publish","format-standard","has-post-thumbnail","hentry","category-administracions","category-agenda","category-area-benestar","category-centres-recerca-universitats","category-ciutadania","category-empreses","category-entitats-socials","category-estudiants-escoles-instituts","category-general","category-mitjans-comunicacio","category-professionals-ambit-social","category-106","category-33","category-100","category-107","category-101","category-105","category-104","category-103","category-1","category-108","category-102","description-off"],"_links":{"self":[{"href":"https:\/\/inclusioaltemporda.cat\/portal\/wp-json\/wp\/v2\/posts\/4289","targetHints":{"allow":["GET"]}}],"collection":[{"href":"https:\/\/inclusioaltemporda.cat\/portal\/wp-json\/wp\/v2\/posts"}],"about":[{"href":"https:\/\/inclusioaltemporda.cat\/portal\/wp-json\/wp\/v2\/types\/post"}],"author":[{"embeddable":true,"href":"https:\/\/inclusioaltemporda.cat\/portal\/wp-json\/wp\/v2\/users\/3"}],"replies":[{"embeddable":true,"href":"https:\/\/inclusioaltemporda.cat\/portal\/wp-json\/wp\/v2\/comments?post=4289"}],"version-history":[{"count":4,"href":"https:\/\/inclusioaltemporda.cat\/portal\/wp-json\/wp\/v2\/posts\/4289\/revisions"}],"predecessor-version":[{"id":4294,"href":"https:\/\/inclusioaltemporda.cat\/portal\/wp-json\/wp\/v2\/posts\/4289\/revisions\/4294"}],"wp:featuredmedia":[{"embeddable":true,"href":"https:\/\/inclusioaltemporda.cat\/portal\/wp-json\/wp\/v2\/media\/4291"}],"wp:attachment":[{"href":"https:\/\/inclusioaltemporda.cat\/portal\/wp-json\/wp\/v2\/media?parent=4289"}],"wp:term":[{"taxonomy":"category","embeddable":true,"href":"https:\/\/inclusioaltemporda.cat\/portal\/wp-json\/wp\/v2\/categories?post=4289"},{"taxonomy":"post_tag","embeddable":true,"href":"https:\/\/inclusioaltemporda.cat\/portal\/wp-json\/wp\/v2\/tags?post=4289"}],"curies":[{"name":"wp","href":"https:\/\/api.w.org\/{rel}","templated":true}]}}