{"id":4299,"date":"2014-06-05T12:36:19","date_gmt":"2014-06-05T11:36:19","guid":{"rendered":"https:\/\/inclusioaltemporda.cat\/portal\/?p=4299"},"modified":"2016-02-01T09:24:43","modified_gmt":"2016-02-01T08:24:43","slug":"opinio-professional-lespai-de-supervisio-professional-en-els-equips-datencio-social-basica","status":"publish","type":"post","link":"https:\/\/inclusioaltemporda.cat\/portal\/opinio-professional-lespai-de-supervisio-professional-en-els-equips-datencio-social-basica\/","title":{"rendered":"Opini\u00f3 professional: l&#8217;espai de supervisi\u00f3 professional en els equips d&#8217;atenci\u00f3 social b\u00e0sica"},"content":{"rendered":"<p>L&#8217;espai professional d&#8217;aquest web us ofereix el segon article elaborat per un equip de l&#8217;\u00c0rea de Benestar que t\u00e9 com a objectiu presentar l&#8217;experi\u00e8ncia de l&#8217;espai de supervisi\u00f3 professional en els equips d&#8217;atenci\u00f3 social b\u00e0sica.<\/p>\n<p>Yolanda Mart\u00ednez, educadora social, Meritxell Pom\u00e9s, pedagoga i Marta Lloret, educadora social, totes tres professionals de l&#8217;\u00c0rea de Benestar de Consell Comarcal, comparteixen les seves reflexions sobre aquest espai de supervisi\u00f3 professional amb la voluntat de mostrar com aquest espai esdev\u00e9 un lloc d&#8217;aprenentatge i formaci\u00f3 permanent per als professionals, facilitador de nous instruments i coneixements, que permet fer autoevaluaci\u00f3 de les intervencions dels equips.<\/p>\n<p>Us convidem a llegir l<a href=\"https:\/\/inclusioaltemporda.cat\/portal\/wp-content\/uploads\/La-supervisi\u00f3-professional-en-l\u00e0mbit-social.pdf\">&#8216;article en aquest enlla\u00e7<\/a> i tamb\u00e9 a visitar regularment la <a href=\"https:\/\/inclusioaltemporda.cat\/portal\/professionals\/\">p\u00e0gina dedicada als professionals de l&#8217;\u00e0mbit social de la nostra web<\/a>.<\/p>\n","protected":false},"excerpt":{"rendered":"<p>Us oferim el segon article elaborat per un equip de l&#8217;\u00c0rea de Benestar que  presenta l&#8217;experi\u00e8ncia de l&#8217;espai de supervisi\u00f3 professional en els equips d&#8217;atenci\u00f3 social b\u00e0sica.<\/p>\n","protected":false},"author":3,"featured_media":4300,"comment_status":"closed","ping_status":"closed","sticky":false,"template":"","format":"standard","meta":{"footnotes":""},"categories":[106,100,107,101,104,1,108,102],"tags":[],"class_list":["post-4299","post","type-post","status-publish","format-standard","has-post-thumbnail","hentry","category-administracions","category-area-benestar","category-centres-recerca-universitats","category-ciutadania","category-entitats-socials","category-general","category-mitjans-comunicacio","category-professionals-ambit-social","category-106","category-100","category-107","category-101","category-104","category-1","category-108","category-102","description-off"],"_links":{"self":[{"href":"https:\/\/inclusioaltemporda.cat\/portal\/wp-json\/wp\/v2\/posts\/4299","targetHints":{"allow":["GET"]}}],"collection":[{"href":"https:\/\/inclusioaltemporda.cat\/portal\/wp-json\/wp\/v2\/posts"}],"about":[{"href":"https:\/\/inclusioaltemporda.cat\/portal\/wp-json\/wp\/v2\/types\/post"}],"author":[{"embeddable":true,"href":"https:\/\/inclusioaltemporda.cat\/portal\/wp-json\/wp\/v2\/users\/3"}],"replies":[{"embeddable":true,"href":"https:\/\/inclusioaltemporda.cat\/portal\/wp-json\/wp\/v2\/comments?post=4299"}],"version-history":[{"count":4,"href":"https:\/\/inclusioaltemporda.cat\/portal\/wp-json\/wp\/v2\/posts\/4299\/revisions"}],"predecessor-version":[{"id":4305,"href":"https:\/\/inclusioaltemporda.cat\/portal\/wp-json\/wp\/v2\/posts\/4299\/revisions\/4305"}],"wp:featuredmedia":[{"embeddable":true,"href":"https:\/\/inclusioaltemporda.cat\/portal\/wp-json\/wp\/v2\/media\/4300"}],"wp:attachment":[{"href":"https:\/\/inclusioaltemporda.cat\/portal\/wp-json\/wp\/v2\/media?parent=4299"}],"wp:term":[{"taxonomy":"category","embeddable":true,"href":"https:\/\/inclusioaltemporda.cat\/portal\/wp-json\/wp\/v2\/categories?post=4299"},{"taxonomy":"post_tag","embeddable":true,"href":"https:\/\/inclusioaltemporda.cat\/portal\/wp-json\/wp\/v2\/tags?post=4299"}],"curies":[{"name":"wp","href":"https:\/\/api.w.org\/{rel}","templated":true}]}}