{"id":4307,"date":"2014-06-10T07:46:22","date_gmt":"2014-06-10T06:46:22","guid":{"rendered":"https:\/\/inclusioaltemporda.cat\/portal\/?p=4307"},"modified":"2016-02-01T09:24:43","modified_gmt":"2016-02-01T08:24:43","slug":"2a-fira-de-la-gent-gran","status":"publish","type":"post","link":"https:\/\/inclusioaltemporda.cat\/portal\/2a-fira-de-la-gent-gran\/","title":{"rendered":"2a Fira de la Gent Gran a la Rambla de Figueres"},"content":{"rendered":"<p>Els propers dies 14 i 15 de juny tindr\u00e0 lloc la 2a Fira de la Gent Gran a Figueres.<\/p>\n<p>La Fira ofereix un ampli <a href=\"https:\/\/inclusioaltemporda.cat\/portal\/wp-content\/uploads\/PROGRAMa-fira-GG-2014-definitiu-6-6-2014-1.rtf\">programa d&#8217;activitats al llarg del cap de setmana per a la gent gran i les fam\u00edlies que podeu consultar en aquest enlla\u00e7<\/a>.<\/p>\n<p>Dissabte al mat\u00ed la Rambla de Figueres s&#8217;omplir\u00e0 d&#8217;activitats programades (tallers, jocs i exposicions) i d&#8217;actuacions a l&#8217;escenari (Coral Icaris, Coral Empord\u00e0 Gospel Choir, Gimn\u00e0stica R\u00edtmica). A les 17:00h. s&#8217;ha convocat una mitgetada popular davant del monument d&#8217;en Monturiol promoguda pel projecte Teixint M\u00f3ns, i a partir de les 8 del vespre l&#8217;Associaci\u00f3 de la Gent Gran de Figueres oferir\u00e0 el seu espectacle que comptar\u00e0 amb Regina Do Santos com a artista convidada.<\/p>\n<p>Al llarg de tot el dissabte diferents institucions, entitats i comer\u00e7os oferiran informaci\u00f3 dels seus serveis i activitats en la zona d&#8217;estands de La Rambla. L&#8217;\u00e0rea de Benestar del Consell Comarcal comptar\u00e0, com l&#8217;any passat, amb un estand en qu\u00e8 s&#8217;informar\u00e0 dels serveis i activitats que es promouen a la comarca per fomentar l&#8217;envelliment actiu.<\/p>\n<p>Diumenge a la pla\u00e7a de Catalunya s&#8217;ha organitzat una audici\u00f3 de sardanes, dinar popular i ball.<\/p>\n","protected":false},"excerpt":{"rendered":"<p>Els propers dies 14 i 15 de juny tindr\u00e0 lloc la 2a Fira de la Gent Gran a Figueres que ofereix un ampli ventall d&#8217;activitats per a les fam\u00edlies.<\/p>\n","protected":false},"author":3,"featured_media":4308,"comment_status":"closed","ping_status":"closed","sticky":false,"template":"","format":"standard","meta":{"footnotes":""},"categories":[106,33,100,101,104,1,108,11],"tags":[],"class_list":["post-4307","post","type-post","status-publish","format-standard","has-post-thumbnail","hentry","category-administracions","category-agenda","category-area-benestar","category-ciutadania","category-entitats-socials","category-general","category-mitjans-comunicacio","category-taula-inclusio","category-106","category-33","category-100","category-101","category-104","category-1","category-108","category-11","description-off"],"_links":{"self":[{"href":"https:\/\/inclusioaltemporda.cat\/portal\/wp-json\/wp\/v2\/posts\/4307","targetHints":{"allow":["GET"]}}],"collection":[{"href":"https:\/\/inclusioaltemporda.cat\/portal\/wp-json\/wp\/v2\/posts"}],"about":[{"href":"https:\/\/inclusioaltemporda.cat\/portal\/wp-json\/wp\/v2\/types\/post"}],"author":[{"embeddable":true,"href":"https:\/\/inclusioaltemporda.cat\/portal\/wp-json\/wp\/v2\/users\/3"}],"replies":[{"embeddable":true,"href":"https:\/\/inclusioaltemporda.cat\/portal\/wp-json\/wp\/v2\/comments?post=4307"}],"version-history":[{"count":5,"href":"https:\/\/inclusioaltemporda.cat\/portal\/wp-json\/wp\/v2\/posts\/4307\/revisions"}],"predecessor-version":[{"id":4314,"href":"https:\/\/inclusioaltemporda.cat\/portal\/wp-json\/wp\/v2\/posts\/4307\/revisions\/4314"}],"wp:featuredmedia":[{"embeddable":true,"href":"https:\/\/inclusioaltemporda.cat\/portal\/wp-json\/wp\/v2\/media\/4308"}],"wp:attachment":[{"href":"https:\/\/inclusioaltemporda.cat\/portal\/wp-json\/wp\/v2\/media?parent=4307"}],"wp:term":[{"taxonomy":"category","embeddable":true,"href":"https:\/\/inclusioaltemporda.cat\/portal\/wp-json\/wp\/v2\/categories?post=4307"},{"taxonomy":"post_tag","embeddable":true,"href":"https:\/\/inclusioaltemporda.cat\/portal\/wp-json\/wp\/v2\/tags?post=4307"}],"curies":[{"name":"wp","href":"https:\/\/api.w.org\/{rel}","templated":true}]}}