{"id":4316,"date":"2014-06-11T08:38:01","date_gmt":"2014-06-11T07:38:01","guid":{"rendered":"https:\/\/inclusioaltemporda.cat\/portal\/?p=4316"},"modified":"2016-02-01T09:24:43","modified_gmt":"2016-02-01T08:24:43","slug":"xi-premi-literari-de-prosa-i-poesia-del-consell-consultiu-de-la-gent-gran","status":"publish","type":"post","link":"https:\/\/inclusioaltemporda.cat\/portal\/xi-premi-literari-de-prosa-i-poesia-del-consell-consultiu-de-la-gent-gran\/","title":{"rendered":"XI Premi Literari de Prosa i Poesia del Consell Consultiu de la Gent Gran"},"content":{"rendered":"<p>Aquesta tarda,a les 17:00h, tindr\u00e0 lloc a la seu del Consell Comarcal el lliurament del XI Premi Literari de Prosa i Poesia que organitza anualment el Consell Consultiu de la Gent Gran, \u00f2rgan de participaci\u00f3 i consulta de la gent gran de la comarca.<\/p>\n<p>El Concurs, que t\u00e9 com a principals objectiu, promocionar la cultura i la creaci\u00f3 liter\u00e0ria entre el col\u00b7lectiu de persones grans de la comarca, ha comptat enguany amb la participaci\u00f3 de nou obres en la categoria de poesia i cinc en la de prosa. Com cada any, en cadascuna de les categories es premiaran les tres millors obres presentades a la convocat\u00f2ria.<\/p>\n<p>En aquest enlla\u00e7 podeu consultar el <a href=\"https:\/\/inclusioaltemporda.cat\/portal\/wp-content\/uploads\/D%C3%ADptic-XI-Concurs.pdf\">programa de l&#8217;acte d&#8217;entrega de premis<\/a> previst per aquesta tarda<\/p>\n","protected":false},"excerpt":{"rendered":"<p>El Concurs, que aquest any arriba a la seva onzena edici\u00f3, ha quedat plenament arrelat i \u00e9s una activitat m\u00e9s del Consell Consultiu de la Gent Gran<\/p>\n","protected":false},"author":2,"featured_media":4318,"comment_status":"closed","ping_status":"closed","sticky":false,"template":"","format":"standard","meta":{"footnotes":""},"categories":[106,100,101,1,108],"tags":[],"class_list":["post-4316","post","type-post","status-publish","format-standard","has-post-thumbnail","hentry","category-administracions","category-area-benestar","category-ciutadania","category-general","category-mitjans-comunicacio","category-106","category-100","category-101","category-1","category-108","description-off"],"_links":{"self":[{"href":"https:\/\/inclusioaltemporda.cat\/portal\/wp-json\/wp\/v2\/posts\/4316","targetHints":{"allow":["GET"]}}],"collection":[{"href":"https:\/\/inclusioaltemporda.cat\/portal\/wp-json\/wp\/v2\/posts"}],"about":[{"href":"https:\/\/inclusioaltemporda.cat\/portal\/wp-json\/wp\/v2\/types\/post"}],"author":[{"embeddable":true,"href":"https:\/\/inclusioaltemporda.cat\/portal\/wp-json\/wp\/v2\/users\/2"}],"replies":[{"embeddable":true,"href":"https:\/\/inclusioaltemporda.cat\/portal\/wp-json\/wp\/v2\/comments?post=4316"}],"version-history":[{"count":4,"href":"https:\/\/inclusioaltemporda.cat\/portal\/wp-json\/wp\/v2\/posts\/4316\/revisions"}],"predecessor-version":[{"id":4322,"href":"https:\/\/inclusioaltemporda.cat\/portal\/wp-json\/wp\/v2\/posts\/4316\/revisions\/4322"}],"wp:featuredmedia":[{"embeddable":true,"href":"https:\/\/inclusioaltemporda.cat\/portal\/wp-json\/wp\/v2\/media\/4318"}],"wp:attachment":[{"href":"https:\/\/inclusioaltemporda.cat\/portal\/wp-json\/wp\/v2\/media?parent=4316"}],"wp:term":[{"taxonomy":"category","embeddable":true,"href":"https:\/\/inclusioaltemporda.cat\/portal\/wp-json\/wp\/v2\/categories?post=4316"},{"taxonomy":"post_tag","embeddable":true,"href":"https:\/\/inclusioaltemporda.cat\/portal\/wp-json\/wp\/v2\/tags?post=4316"}],"curies":[{"name":"wp","href":"https:\/\/api.w.org\/{rel}","templated":true}]}}