{"id":4324,"date":"2014-06-12T13:37:05","date_gmt":"2014-06-12T12:37:05","guid":{"rendered":"https:\/\/inclusioaltemporda.cat\/portal\/?p=4324"},"modified":"2016-02-01T09:24:43","modified_gmt":"2016-02-01T08:24:43","slug":"la-taula-entitats-es-reuneix-aquest-mati-per-valorar-la-setmana-del-voluntariat","status":"publish","type":"post","link":"https:\/\/inclusioaltemporda.cat\/portal\/la-taula-entitats-es-reuneix-aquest-mati-per-valorar-la-setmana-del-voluntariat\/","title":{"rendered":"La Taula Entitats es reuneix aquest mat\u00ed per valorar la Setmana del Voluntariat"},"content":{"rendered":"<p>Aquest mat\u00ed les entitats de la Taula d&#8217;Inclusi\u00f3 i la Xarxa de Voluntariat de Figueres s&#8217;han reunit per valorar la Setmana del Voluntariat que va tenir lloc a Figueres fa quinze dies.<\/p>\n<p>Les entitats han compartit opinions i propostes sobre tots els aspectes organitzatius tant de la Jornada de treball t\u00e8cnica com de la Festa del Voluntariat i han valorat molt positivament l&#8217;\u00e0mplia assist\u00e8ncia que es va enregistrar a ambd\u00f3s actes (75 persones a la Jornada de Treball i m\u00e9s de 400 persones a la Festa del Voluntariat).<\/p>\n<p>En la sessi\u00f3 de treball s&#8217;han destacat com a elements molt positius la creaci\u00f3 d&#8217;un espai de treball i reflexi\u00f3 a l&#8217;entorn del voluntariat a la comarca, la capacitat de mobilitzar esfor\u00e7os i treballar en xarxa, l&#8217;esfor\u00e7 de sensibilitzaci\u00f3 dut a terme per informar a la ciutadania i la voluntat de mantenir cada any activitats en aquesta direcci\u00f3 per fer cr\u00e9ixer la solidaritat a la comarca.<\/p>\n<p>&nbsp;<\/p>\n","protected":false},"excerpt":{"rendered":"<p>Aquest mat\u00ed les entitats de la Taula d&#8217;Inclusi\u00f3 s&#8217;han reunit per valorar la Setmana del Voluntariat.<\/p>\n","protected":false},"author":3,"featured_media":4328,"comment_status":"closed","ping_status":"closed","sticky":false,"template":"","format":"standard","meta":{"footnotes":""},"categories":[106,101,105,104,103,1,108,12,11],"tags":[],"class_list":["post-4324","post","type-post","status-publish","format-standard","has-post-thumbnail","hentry","category-administracions","category-ciutadania","category-empreses","category-entitats-socials","category-estudiants-escoles-instituts","category-general","category-mitjans-comunicacio","category-pla-dinclusio-2","category-taula-inclusio","category-106","category-101","category-105","category-104","category-103","category-1","category-108","category-12","category-11","description-off"],"_links":{"self":[{"href":"https:\/\/inclusioaltemporda.cat\/portal\/wp-json\/wp\/v2\/posts\/4324","targetHints":{"allow":["GET"]}}],"collection":[{"href":"https:\/\/inclusioaltemporda.cat\/portal\/wp-json\/wp\/v2\/posts"}],"about":[{"href":"https:\/\/inclusioaltemporda.cat\/portal\/wp-json\/wp\/v2\/types\/post"}],"author":[{"embeddable":true,"href":"https:\/\/inclusioaltemporda.cat\/portal\/wp-json\/wp\/v2\/users\/3"}],"replies":[{"embeddable":true,"href":"https:\/\/inclusioaltemporda.cat\/portal\/wp-json\/wp\/v2\/comments?post=4324"}],"version-history":[{"count":1,"href":"https:\/\/inclusioaltemporda.cat\/portal\/wp-json\/wp\/v2\/posts\/4324\/revisions"}],"predecessor-version":[{"id":4326,"href":"https:\/\/inclusioaltemporda.cat\/portal\/wp-json\/wp\/v2\/posts\/4324\/revisions\/4326"}],"wp:featuredmedia":[{"embeddable":true,"href":"https:\/\/inclusioaltemporda.cat\/portal\/wp-json\/wp\/v2\/media\/4328"}],"wp:attachment":[{"href":"https:\/\/inclusioaltemporda.cat\/portal\/wp-json\/wp\/v2\/media?parent=4324"}],"wp:term":[{"taxonomy":"category","embeddable":true,"href":"https:\/\/inclusioaltemporda.cat\/portal\/wp-json\/wp\/v2\/categories?post=4324"},{"taxonomy":"post_tag","embeddable":true,"href":"https:\/\/inclusioaltemporda.cat\/portal\/wp-json\/wp\/v2\/tags?post=4324"}],"curies":[{"name":"wp","href":"https:\/\/api.w.org\/{rel}","templated":true}]}}