{"id":4329,"date":"2014-06-16T09:14:10","date_gmt":"2014-06-16T08:14:10","guid":{"rendered":"https:\/\/inclusioaltemporda.cat\/portal\/?p=4329"},"modified":"2016-02-01T09:24:43","modified_gmt":"2016-02-01T08:24:43","slug":"dese-aniversari-dels-tallers-de-memoria-de-lalt-emporda","status":"publish","type":"post","link":"https:\/\/inclusioaltemporda.cat\/portal\/dese-aniversari-dels-tallers-de-memoria-de-lalt-emporda\/","title":{"rendered":"Des\u00e8 aniversari dels Tallers de Mem\u00f2ria de l&#8217;Alt Empord\u00e0"},"content":{"rendered":"<p>El proper dimecres 18 de juny l&#8217;\u00e0rea de Benestar del Consell Comarcal organitza una trobada festiva per commemorar el des\u00e8 aniversari dels Tallers de Mem\u00f2ria de l&#8217;Alt Empord\u00e0.<\/p>\n<p>La jornada tindr\u00e0 lloc al municipi de Peralada on es trobaran m\u00e9s de 200 persones que participen o han participat en aquesta iniciativa en els darrers anys en els diferents municipis de la comarca.<\/p>\n<p>La jornada comen\u00e7ar\u00e0 amb la confer\u00e8ncia &#8220;Envelleix la mem\u00f2ria?&#8221; a c\u00e0rrec d&#8217;\u00c0ngels Navarro, psic\u00f2loga especialitzada en psicomotricitat i ter\u00e0pia a partir del joc, i s&#8217;han programat tallers i concursos simultanis al llarg de la tarda:<\/p>\n<p>&#8211; L&#8217;entrenament mental en joc ! (gimcana-concurs)<\/p>\n<p>&#8211; Mostra i concurs de pastissos, coques i dol\u00e7os.<\/p>\n<p>&#8211; Taller de psicomotricitat<\/p>\n<p>&#8211; Mostra art\u00edstica<\/p>\n<p>Els tallers de mem\u00f2ria, organitzats i impartits per professionals de l&#8217;\u00e0rea de Benestar del Consell Comarcal, tenen com a finalitat promoure un envelliment actiu de la poblaci\u00f3 a la comarca.<\/p>\n<p>Els tallers s&#8217;adrecen a les persones de m\u00e9s de 65 anys i al llarg de l&#8217;any es duen a terme en els municipis que sol\u00b7liciten aquesta activitat. La finalitat \u00e9s treballar de forma \u00edntegra l&#8217;estimulaci\u00f3 de les capacitats f\u00edsiques i mentals de les persones grans i facilitar un entrenament de les capacitats que intervenen en la mem\u00f2ria i altres facultats mentals associades.<\/p>\n","protected":false},"excerpt":{"rendered":"<p>El proper dimecres 18 de juny l&#8217;\u00e0rea de Benestar del Consell Comarcal organitza una trobada festiva per commemorar el des\u00e8 aniversari dels Tallers de Mem\u00f2ria.<\/p>\n","protected":false},"author":3,"featured_media":4330,"comment_status":"closed","ping_status":"closed","sticky":false,"template":"","format":"standard","meta":{"footnotes":""},"categories":[106,33,100,107,101,105,104,103,1,108,102],"tags":[],"class_list":["post-4329","post","type-post","status-publish","format-standard","has-post-thumbnail","hentry","category-administracions","category-agenda","category-area-benestar","category-centres-recerca-universitats","category-ciutadania","category-empreses","category-entitats-socials","category-estudiants-escoles-instituts","category-general","category-mitjans-comunicacio","category-professionals-ambit-social","category-106","category-33","category-100","category-107","category-101","category-105","category-104","category-103","category-1","category-108","category-102","description-off"],"_links":{"self":[{"href":"https:\/\/inclusioaltemporda.cat\/portal\/wp-json\/wp\/v2\/posts\/4329","targetHints":{"allow":["GET"]}}],"collection":[{"href":"https:\/\/inclusioaltemporda.cat\/portal\/wp-json\/wp\/v2\/posts"}],"about":[{"href":"https:\/\/inclusioaltemporda.cat\/portal\/wp-json\/wp\/v2\/types\/post"}],"author":[{"embeddable":true,"href":"https:\/\/inclusioaltemporda.cat\/portal\/wp-json\/wp\/v2\/users\/3"}],"replies":[{"embeddable":true,"href":"https:\/\/inclusioaltemporda.cat\/portal\/wp-json\/wp\/v2\/comments?post=4329"}],"version-history":[{"count":3,"href":"https:\/\/inclusioaltemporda.cat\/portal\/wp-json\/wp\/v2\/posts\/4329\/revisions"}],"predecessor-version":[{"id":4337,"href":"https:\/\/inclusioaltemporda.cat\/portal\/wp-json\/wp\/v2\/posts\/4329\/revisions\/4337"}],"wp:featuredmedia":[{"embeddable":true,"href":"https:\/\/inclusioaltemporda.cat\/portal\/wp-json\/wp\/v2\/media\/4330"}],"wp:attachment":[{"href":"https:\/\/inclusioaltemporda.cat\/portal\/wp-json\/wp\/v2\/media?parent=4329"}],"wp:term":[{"taxonomy":"category","embeddable":true,"href":"https:\/\/inclusioaltemporda.cat\/portal\/wp-json\/wp\/v2\/categories?post=4329"},{"taxonomy":"post_tag","embeddable":true,"href":"https:\/\/inclusioaltemporda.cat\/portal\/wp-json\/wp\/v2\/tags?post=4329"}],"curies":[{"name":"wp","href":"https:\/\/api.w.org\/{rel}","templated":true}]}}