{"id":4339,"date":"2014-06-17T12:00:18","date_gmt":"2014-06-17T11:00:18","guid":{"rendered":"https:\/\/inclusioaltemporda.cat\/portal\/?p=4339"},"modified":"2016-02-01T09:24:43","modified_gmt":"2016-02-01T08:24:43","slug":"mirades-plurals-la-gestio-de-la-diversitat-a-lalt-emporda","status":"publish","type":"post","link":"https:\/\/inclusioaltemporda.cat\/portal\/mirades-plurals-la-gestio-de-la-diversitat-a-lalt-emporda\/","title":{"rendered":"Mirades Plurals: La gesti\u00f3 de la diversitat a l&#8217;Alt Empord\u00e0"},"content":{"rendered":"<p>Us presentem l&#8217;audiovisual &#8220;Mirades Plurals&#8221;, part de la transfer\u00e8ncia de bona pr\u00e0ctica entre l&#8217;Ajuntament de Nieuwegen i el Consell Comarcal, en el marc del projecte Labour Plus.<\/p>\n<p>Aquest audiovisual, que exposa breument diferents projectes i estrat\u00e8gies sobre gesti\u00f3 de la diversitat a l&#8217;Alt Empord\u00e0,\u00a0 s&#8217;acompanya d&#8217;una publicaci\u00f3 en qu\u00e8 han participat diversos agents de la comarca: l\u2019Institut p\u00fablic de La Jonquera; el Servei Jove de l\u2019Ajuntament de Castell\u00f3 d\u2019Emp\u00faries, els serveis socials b\u00e0sics del Consell Comarcal, l\u2019\u00c0rea de Ginecologia i Pediatria de l\u2019Hospital de Figueres, el Festival Ingr\u00e0vid de Cultura Contempor\u00e0nia de l\u2019Empord\u00e0, la Xarxa de Conviv\u00e8ncia de Roses, el Club Esportiu Junc\u00e0ria i Tramuntana TV.<\/p>\n<p>L&#8217;intercanvi de bona pr\u00e0ctica s&#8217;ha dut a terme en el marc del <a href=\"http:\/\/www.labourplus.eu\/\">Projecte Europeu Labour Plus<\/a>, que t\u00e9 com a finalitat compartir coneixement i innovar en relaci\u00f3 a la gesti\u00f3 de la diversitat a partir d\u2019actuacions i aprenentatges en curs en diversos territoris.<\/p>\n<p>Tant aquest v\u00eddeo com la publicaci\u00f3 van ser presentats en una Jornada de treball celebrada al Consell Comarcal el passat 4 de juny, en qu\u00e8 van participar algunes de les entitats i institucions impulsores d&#8217;aquestes experi\u00e8ncies.<\/p>\n<p><iframe loading=\"lazy\" src=\"\/\/www.youtube.com\/embed\/IcZYlDsQFyY\" height=\"315\" width=\"560\" allowfullscreen=\"\" frameborder=\"0\"><\/iframe><\/p>\n<p>El projecte Labour Plus est\u00e0 cofinan\u00e7at per la Comissi\u00f3 Europea (Interreg IVC) i es va posar en marxa l\u2019any 2012. L\u2019\u00e0rea de Benestar del Consell Comarcal, que lidera els continguts del projecte, participa juntament amb deu socis europeus en aquesta iniciativa: Ajuntament de Nieuwegen (Pa\u00efsos Baixos), Prov\u00edncia de Padua (It\u00e0lia), ENTP (European New Towns &amp; Pilot Cities Platform), Universitat de Latvia (Let\u00f2nia), Antwerp Centre for Minorities (B\u00e8lgica), Ajuntament de Nagyk\u00e1llo (Hongria), Mittelhessischer Bildungsverbaud (Marburg, Alemanya), Agencia de Desarrollo (Santa Cruz de Tenerife), Newry and Mourne District Council (Gran Bretanya) i l\u2019Administraci\u00f3 Regional de Sofia (Bulg\u00e0ria).<\/p>\n<p>Si teniu inter\u00e8s a rebre un exemplar de la publicaci\u00f3, feu arribar un correu electr\u00f2nic amb les vostres dades de contacte a l&#8217;adre\u00e7a seg\u00fcent: ssocials@altemporda.org<\/p>\n","protected":false},"excerpt":{"rendered":"<p>Us presentem l&#8217;audiovisual &#8220;Mirades Plurals&#8221;, part de la transfer\u00e8ncia de bones pr\u00e0ctiques entre l&#8217;Ajuntament de Nieuwegen i el Consell Comarcal del projecte Labour Plus.<\/p>\n","protected":false},"author":2,"featured_media":3621,"comment_status":"closed","ping_status":"closed","sticky":false,"template":"","format":"standard","meta":{"footnotes":""},"categories":[106,100,101,103,1,108,102,111],"tags":[],"class_list":["post-4339","post","type-post","status-publish","format-standard","has-post-thumbnail","hentry","category-administracions","category-area-benestar","category-ciutadania","category-estudiants-escoles-instituts","category-general","category-mitjans-comunicacio","category-professionals-ambit-social","category-projectes-internacionals","category-106","category-100","category-101","category-103","category-1","category-108","category-102","category-111","description-off"],"_links":{"self":[{"href":"https:\/\/inclusioaltemporda.cat\/portal\/wp-json\/wp\/v2\/posts\/4339","targetHints":{"allow":["GET"]}}],"collection":[{"href":"https:\/\/inclusioaltemporda.cat\/portal\/wp-json\/wp\/v2\/posts"}],"about":[{"href":"https:\/\/inclusioaltemporda.cat\/portal\/wp-json\/wp\/v2\/types\/post"}],"author":[{"embeddable":true,"href":"https:\/\/inclusioaltemporda.cat\/portal\/wp-json\/wp\/v2\/users\/2"}],"replies":[{"embeddable":true,"href":"https:\/\/inclusioaltemporda.cat\/portal\/wp-json\/wp\/v2\/comments?post=4339"}],"version-history":[{"count":8,"href":"https:\/\/inclusioaltemporda.cat\/portal\/wp-json\/wp\/v2\/posts\/4339\/revisions"}],"predecessor-version":[{"id":4347,"href":"https:\/\/inclusioaltemporda.cat\/portal\/wp-json\/wp\/v2\/posts\/4339\/revisions\/4347"}],"wp:featuredmedia":[{"embeddable":true,"href":"https:\/\/inclusioaltemporda.cat\/portal\/wp-json\/wp\/v2\/media\/3621"}],"wp:attachment":[{"href":"https:\/\/inclusioaltemporda.cat\/portal\/wp-json\/wp\/v2\/media?parent=4339"}],"wp:term":[{"taxonomy":"category","embeddable":true,"href":"https:\/\/inclusioaltemporda.cat\/portal\/wp-json\/wp\/v2\/categories?post=4339"},{"taxonomy":"post_tag","embeddable":true,"href":"https:\/\/inclusioaltemporda.cat\/portal\/wp-json\/wp\/v2\/tags?post=4339"}],"curies":[{"name":"wp","href":"https:\/\/api.w.org\/{rel}","templated":true}]}}