{"id":4348,"date":"2014-06-18T08:51:43","date_gmt":"2014-06-18T07:51:43","guid":{"rendered":"https:\/\/inclusioaltemporda.cat\/portal\/?p=4348"},"modified":"2016-02-01T09:24:42","modified_gmt":"2016-02-01T08:24:42","slug":"lespai-de-formacio-de-families-finalitza-la-tercera-edicio","status":"publish","type":"post","link":"https:\/\/inclusioaltemporda.cat\/portal\/lespai-de-formacio-de-families-finalitza-la-tercera-edicio\/","title":{"rendered":"L&#8217;Espai de Formaci\u00f3 per a Fam\u00edlies finalitza la tercera edici\u00f3"},"content":{"rendered":"<p>Aquest mat\u00ed finalitza la tercera edici\u00f3 de l&#8217;Espai de Formaci\u00f3 per a Fam\u00edlies que dinamitza l&#8217;\u00e0rea de Benestar del Consell Comarcal.<\/p>\n<p>10 persones amb fills\/es d&#8217;edats compreses entre els 3 i els 16 anys i derivades per l\u2019Equip d\u2019Atenci\u00f3 a la Inf\u00e0ncia i a l\u2019Adolesc\u00e8ncia i pels Serveis B\u00e0sics d\u2019Atenci\u00f3 Prim\u00e0ria de la comarca, han participat activament al llarg de les 12 sessions que s&#8217;han dut a terme.<\/p>\n<div>L\u2019Espai de Formaci\u00f3 per a Fam\u00edlies \u00e9s un programa socioeducatiu de capacitaci\u00f3 parental en el marc del qual es treballen diverses tem\u00e0tiques amb les fam\u00edlies: el paper educatiu de la fam\u00edlia, les necessitats f\u00edsiques i emocionals dels infants, la comunicaci\u00f3 i les emocions, les normes i els l\u00edmits aix\u00ed com la resoluci\u00f3 de conflictes, les relacions fam\u00edlia-escola i el lleure i el joc, entre d\u2019altres.<\/div>\n<div><\/div>\n<div>Com en anteriors edicions, les sessions de treball s&#8217;han dut a terme a l&#8217; Espai de Catalunya Caixa a Figueres.<\/p>\n<div><\/div>\n<p>Si teniu inter\u00e8s a aprofundir en aquest Espai i altres iniciatives per treballar amb fam\u00edlies, <a href=\"https:\/\/inclusioaltemporda.cat\/portal\/wp-content\/uploads\/Jornada-Apoderament-i-Capacitaci\u00f3-Parental_19MAIG2014.pdf\">us podeu descarregar els materials de la primera Jornada d\u2019apoderament i capacitaci\u00f3 parental organitzada per l&#8217;\u00e0rea de Benestar del Consell Comarcal que va tenir lloc el 19 de maig passat a Figueres<\/a>.<\/p>\n<\/div>\n<div><\/div>\n<div><\/div>\n","protected":false},"excerpt":{"rendered":"<p>Aquest mat\u00ed finalitza la tercera edici\u00f3 de l&#8217;Espai de Formaci\u00f3 de Fam\u00edlies que dinamitza l&#8217;\u00e0rea de Benestar del Consell Comarcal.<\/p>\n","protected":false},"author":3,"featured_media":4350,"comment_status":"closed","ping_status":"closed","sticky":false,"template":"","format":"standard","meta":{"footnotes":""},"categories":[106,100,107,101,104,103,1,108,102],"tags":[],"class_list":["post-4348","post","type-post","status-publish","format-standard","has-post-thumbnail","hentry","category-administracions","category-area-benestar","category-centres-recerca-universitats","category-ciutadania","category-entitats-socials","category-estudiants-escoles-instituts","category-general","category-mitjans-comunicacio","category-professionals-ambit-social","category-106","category-100","category-107","category-101","category-104","category-103","category-1","category-108","category-102","description-off"],"_links":{"self":[{"href":"https:\/\/inclusioaltemporda.cat\/portal\/wp-json\/wp\/v2\/posts\/4348","targetHints":{"allow":["GET"]}}],"collection":[{"href":"https:\/\/inclusioaltemporda.cat\/portal\/wp-json\/wp\/v2\/posts"}],"about":[{"href":"https:\/\/inclusioaltemporda.cat\/portal\/wp-json\/wp\/v2\/types\/post"}],"author":[{"embeddable":true,"href":"https:\/\/inclusioaltemporda.cat\/portal\/wp-json\/wp\/v2\/users\/3"}],"replies":[{"embeddable":true,"href":"https:\/\/inclusioaltemporda.cat\/portal\/wp-json\/wp\/v2\/comments?post=4348"}],"version-history":[{"count":5,"href":"https:\/\/inclusioaltemporda.cat\/portal\/wp-json\/wp\/v2\/posts\/4348\/revisions"}],"predecessor-version":[{"id":4355,"href":"https:\/\/inclusioaltemporda.cat\/portal\/wp-json\/wp\/v2\/posts\/4348\/revisions\/4355"}],"wp:featuredmedia":[{"embeddable":true,"href":"https:\/\/inclusioaltemporda.cat\/portal\/wp-json\/wp\/v2\/media\/4350"}],"wp:attachment":[{"href":"https:\/\/inclusioaltemporda.cat\/portal\/wp-json\/wp\/v2\/media?parent=4348"}],"wp:term":[{"taxonomy":"category","embeddable":true,"href":"https:\/\/inclusioaltemporda.cat\/portal\/wp-json\/wp\/v2\/categories?post=4348"},{"taxonomy":"post_tag","embeddable":true,"href":"https:\/\/inclusioaltemporda.cat\/portal\/wp-json\/wp\/v2\/tags?post=4348"}],"curies":[{"name":"wp","href":"https:\/\/api.w.org\/{rel}","templated":true}]}}