{"id":4364,"date":"2014-06-19T08:54:48","date_gmt":"2014-06-19T07:54:48","guid":{"rendered":"https:\/\/inclusioaltemporda.cat\/portal\/?p=4364"},"modified":"2016-02-01T09:24:42","modified_gmt":"2016-02-01T08:24:42","slug":"video-jornada-i-festa-del-voluntariat","status":"publish","type":"post","link":"https:\/\/inclusioaltemporda.cat\/portal\/video-jornada-i-festa-del-voluntariat\/","title":{"rendered":"La Taula Inclusi\u00f3 presenta el V\u00eddeo de la Jornada i la Festa del Voluntariat"},"content":{"rendered":"<p>Compartim els millors moments de la Jornada i la Festa del Voluntariat que vam celebrar fa uns dies a Figueres.<\/p>\n<p><a href=\"https:\/\/vimeo.com\/98455002\">Si us agrada el v\u00eddeo que podeu visionar en aquest enlla\u00e7 i voleu fer cr\u00e9ixer la solidaritat a la comarca, us demanem que en feu difusi\u00f3<\/a> !<\/p>\n<p>La Jornada &#8220;Com gestionar amb \u00e8xit el voluntariat&#8221; va tenir lloc el darrer 28 de maig a Les Escol\u00e0pies de Figueres. Va comptar amb m\u00e9s de 75 persones i es van dur a terme diferents tallers simultanis sobre la gesti\u00f3 del voluntariat amb diferents grups de poblaci\u00f3: infants, adolescents i joves; gent gran, fam\u00edlies; persones amb malaltia i persones amb dificultats mentals. Un debat posterior va permetre obrir un espai de reflexi\u00f3 profit\u00f3s i interessant a l&#8217;entorn de la gesti\u00f3 del voluntariat a la comarca.<\/p>\n<p>La Festa del Voluntariat es va celebrar el 31 de maig a la Casa Empord\u00e0 de Figueres. M\u00e9s de 400 persones van participar en les diverses activitats que es van programar al llarg del dia i les entitats de la Taula d&#8217;Inclusi\u00f3 Social de l&#8217;Alt Empord\u00e0 van presentar els seus projectes solidaris.<\/p>\n<p>Les entitats han valorat molt positivament la Setmana del Voluntariat en tant que ha perm\u00e8s la creaci\u00f3 d\u2019un espai de treball i reflexi\u00f3 a l\u2019entorn del voluntariat a la comarca, la mobilitzaci\u00f3 d&#8217;esfor\u00e7os i el treball en xarxa, la sensibilitzaci\u00f3 dut a terme per informar a la ciutadania i la voluntat de mantenir cada any activitats en aquesta direcci\u00f3 per fer cr\u00e9ixer la solidaritat a la comarca.<\/p>\n<p>Els actes de la Setmana del Voluntariat a l&#8217;Alt Empord\u00e0 van ser organitzats per la Taula d&#8217;Entitats d&#8217;Inclusi\u00f3 Social de l&#8217;Alt Empord\u00e0 i la Fundaci\u00f3 Clerch i Nicolau de Figueres, amb el suport de l&#8217;equip t\u00e8cnic d&#8217;inclusi\u00f3 del Consell Comarcal de l&#8217;Alt Empord\u00e0.<\/p>\n","protected":false},"excerpt":{"rendered":"<p>Compartim amb vosaltres els millors moments de la Jornada i la Festa del Voluntariat que vam celebrar fa uns dies a Figueres. <\/p>\n","protected":false},"author":3,"featured_media":4365,"comment_status":"closed","ping_status":"closed","sticky":false,"template":"","format":"standard","meta":{"footnotes":""},"categories":[106,100,101,105,104,103,1,108,12,11],"tags":[],"class_list":["post-4364","post","type-post","status-publish","format-standard","has-post-thumbnail","hentry","category-administracions","category-area-benestar","category-ciutadania","category-empreses","category-entitats-socials","category-estudiants-escoles-instituts","category-general","category-mitjans-comunicacio","category-pla-dinclusio-2","category-taula-inclusio","category-106","category-100","category-101","category-105","category-104","category-103","category-1","category-108","category-12","category-11","description-off"],"_links":{"self":[{"href":"https:\/\/inclusioaltemporda.cat\/portal\/wp-json\/wp\/v2\/posts\/4364","targetHints":{"allow":["GET"]}}],"collection":[{"href":"https:\/\/inclusioaltemporda.cat\/portal\/wp-json\/wp\/v2\/posts"}],"about":[{"href":"https:\/\/inclusioaltemporda.cat\/portal\/wp-json\/wp\/v2\/types\/post"}],"author":[{"embeddable":true,"href":"https:\/\/inclusioaltemporda.cat\/portal\/wp-json\/wp\/v2\/users\/3"}],"replies":[{"embeddable":true,"href":"https:\/\/inclusioaltemporda.cat\/portal\/wp-json\/wp\/v2\/comments?post=4364"}],"version-history":[{"count":5,"href":"https:\/\/inclusioaltemporda.cat\/portal\/wp-json\/wp\/v2\/posts\/4364\/revisions"}],"predecessor-version":[{"id":4370,"href":"https:\/\/inclusioaltemporda.cat\/portal\/wp-json\/wp\/v2\/posts\/4364\/revisions\/4370"}],"wp:featuredmedia":[{"embeddable":true,"href":"https:\/\/inclusioaltemporda.cat\/portal\/wp-json\/wp\/v2\/media\/4365"}],"wp:attachment":[{"href":"https:\/\/inclusioaltemporda.cat\/portal\/wp-json\/wp\/v2\/media?parent=4364"}],"wp:term":[{"taxonomy":"category","embeddable":true,"href":"https:\/\/inclusioaltemporda.cat\/portal\/wp-json\/wp\/v2\/categories?post=4364"},{"taxonomy":"post_tag","embeddable":true,"href":"https:\/\/inclusioaltemporda.cat\/portal\/wp-json\/wp\/v2\/tags?post=4364"}],"curies":[{"name":"wp","href":"https:\/\/api.w.org\/{rel}","templated":true}]}}