{"id":4372,"date":"2014-06-25T08:49:17","date_gmt":"2014-06-25T07:49:17","guid":{"rendered":"https:\/\/inclusioaltemporda.cat\/portal\/?p=4372"},"modified":"2016-02-01T09:24:42","modified_gmt":"2016-02-01T08:24:42","slug":"conferencia-final-del-projecte-europeu-award","status":"publish","type":"post","link":"https:\/\/inclusioaltemporda.cat\/portal\/conferencia-final-del-projecte-europeu-award\/","title":{"rendered":"Confer\u00e8ncia final del projecte europeu AWARD a Brussel\u00b7les"},"content":{"rendered":"<p>Aquesta setmana t\u00e9 lloc a Brussel\u00b7les la confer\u00e8ncia final del projecte europeu AWARD sobre Cultura i Desenvolupament en el qual ha participat l&#8217;\u00e0rea de Benestar del Consell Comarcal.<\/p>\n<p>En aquesta confer\u00e8ncia final a la qual assisteix una delegaci\u00f3 del Consell Comarcal en tant que soci del projecte, es presentaran els resultats finals i les perspectives i reptes per a les ciutats europees en mat\u00e8ria de cultura i desenvolupament.<\/p>\n<p>El projecte europeu AWARD <a href=\"http:\/\/www.awardproject.eu\/\">Awareness Raising and Education for Development and Culture<\/a> ha estat finan\u00e7at per la Direcci\u00f3 General per al Desenvolupament i la Cooperaci\u00f3 de la Comissi\u00f3 Europea i es va posar en marxa l&#8217;any 2012. El projecte s&#8217;ha centrat en la sensibilitzaci\u00f3 dels agents locals i els organismes europeus sobre la rellev\u00e0ncia de la diversitat cultural i la cooperaci\u00f3 per al desenvolupament.<\/p>\n<p>En el marc d&#8217;aquest projecte l&#8217;\u00e0rea de Benestar del Consell Comarcal ha participat en els 4 seminaris de treball organitzats en els darrers 2 anys; ha organitzat el seminari de treball &#8220;La cultura i la cohesi\u00f3 social: experi\u00e8ncies i pr\u00e0ctiques en la perspectiva Nord-Sud&#8221; que va tenir lloc a Figueres el mes de febrer passat; ha col\u00b7laborat en la publicaci\u00f3\u00a0<em>Cultura i Desenvolupament<\/em> que reuneix articles i entrevistes amb experts sobre aquesta tem\u00e0tica; ha contribu\u00eft en l&#8217;elaboraci\u00f3 de materials de capacitaci\u00f3 per als actors europeus de desenvolupament i ha participat, igualment, en la publicaci\u00f3 <em>Els migrants i les comunitats de la di\u00e0spora a Almere, Alt Empord\u00e0, Harlow i Ljublja<\/em>na.<\/p>\n<p>&nbsp;<\/p>\n<p>&nbsp;<\/p>\n","protected":false},"excerpt":{"rendered":"<p>Aquesta setmana una delegaci\u00f3 del Consell Comarcal participa a Brussel\u00b7les en la confer\u00e8ncia final del projecte europeu AWARD sobre Cultura i Desenvolupament.<\/p>\n","protected":false},"author":3,"featured_media":4374,"comment_status":"closed","ping_status":"closed","sticky":false,"template":"","format":"standard","meta":{"footnotes":""},"categories":[106,100,107,101,105,104,1,108,111],"tags":[],"class_list":["post-4372","post","type-post","status-publish","format-standard","has-post-thumbnail","hentry","category-administracions","category-area-benestar","category-centres-recerca-universitats","category-ciutadania","category-empreses","category-entitats-socials","category-general","category-mitjans-comunicacio","category-projectes-internacionals","category-106","category-100","category-107","category-101","category-105","category-104","category-1","category-108","category-111","description-off"],"_links":{"self":[{"href":"https:\/\/inclusioaltemporda.cat\/portal\/wp-json\/wp\/v2\/posts\/4372","targetHints":{"allow":["GET"]}}],"collection":[{"href":"https:\/\/inclusioaltemporda.cat\/portal\/wp-json\/wp\/v2\/posts"}],"about":[{"href":"https:\/\/inclusioaltemporda.cat\/portal\/wp-json\/wp\/v2\/types\/post"}],"author":[{"embeddable":true,"href":"https:\/\/inclusioaltemporda.cat\/portal\/wp-json\/wp\/v2\/users\/3"}],"replies":[{"embeddable":true,"href":"https:\/\/inclusioaltemporda.cat\/portal\/wp-json\/wp\/v2\/comments?post=4372"}],"version-history":[{"count":4,"href":"https:\/\/inclusioaltemporda.cat\/portal\/wp-json\/wp\/v2\/posts\/4372\/revisions"}],"predecessor-version":[{"id":4378,"href":"https:\/\/inclusioaltemporda.cat\/portal\/wp-json\/wp\/v2\/posts\/4372\/revisions\/4378"}],"wp:featuredmedia":[{"embeddable":true,"href":"https:\/\/inclusioaltemporda.cat\/portal\/wp-json\/wp\/v2\/media\/4374"}],"wp:attachment":[{"href":"https:\/\/inclusioaltemporda.cat\/portal\/wp-json\/wp\/v2\/media?parent=4372"}],"wp:term":[{"taxonomy":"category","embeddable":true,"href":"https:\/\/inclusioaltemporda.cat\/portal\/wp-json\/wp\/v2\/categories?post=4372"},{"taxonomy":"post_tag","embeddable":true,"href":"https:\/\/inclusioaltemporda.cat\/portal\/wp-json\/wp\/v2\/tags?post=4372"}],"curies":[{"name":"wp","href":"https:\/\/api.w.org\/{rel}","templated":true}]}}