{"id":4379,"date":"2014-06-26T08:33:26","date_gmt":"2014-06-26T07:33:26","guid":{"rendered":"https:\/\/inclusioaltemporda.cat\/portal\/?p=4379"},"modified":"2016-02-01T09:24:42","modified_gmt":"2016-02-01T08:24:42","slug":"jornada-de-portes-obertes-a-la-fundacio-clerch-i-nicolau","status":"publish","type":"post","link":"https:\/\/inclusioaltemporda.cat\/portal\/jornada-de-portes-obertes-a-la-fundacio-clerch-i-nicolau\/","title":{"rendered":"Jornada de Portes Obertes a la Fundaci\u00f3 Clerch i Nicolau de Figueres"},"content":{"rendered":"<p>Dem\u00e0 divendres 27 de juny, de 10 del mat\u00ed a 8 del vespre, la Fundaci\u00f3 Clerch i Nicolau organitza una Jornada de Portes Obertes.<\/p>\n<p>Al llarg del dia s&#8217;han programat diverses activitats i tallers oberts a la ciutadania per con\u00e8ixer la programaci\u00f3 d&#8217;aquesta Fundaci\u00f3 que t\u00e9 com a objectius potenciar la implantaci\u00f3 d\u2019una oferta educativa i divulgativa assentada a Figueres, el desenvolupament del creixement del municipi i la comarca i l&#8217;assessorament i col.laboraci\u00f3 amb entitats, tot fomentant la recerca, la formaci\u00f3 cont\u00ednua en diversos \u00e0mbits i la dinamitzaci\u00f3 econ\u00f2mica i laboral.<\/p>\n<p>A les 12:30 es presentar\u00e0 la Fundaci\u00f3, els seus objectius i activitats i al llarg de la jornada es podr\u00e0 participar en classes de puntaires, de dansa, d&#8217;angl\u00e8s o de restauraci\u00f3 de mobles.<\/p>\n<p>Un espai de la Fundaci\u00f3 estar\u00e0 destinat a presentar serveis associats que tenen seu o comparteixen activitats amb la Fundaci\u00f3 com ara l&#8217;Oficina de Catal\u00e0, l&#8217;UNED, la Xarxa de Voluntariat de Figueres i l&#8217;Escola Oficial d&#8217;Idiomes.<\/p>\n<p>Si voleu m\u00e9s informaci\u00f3 <a href=\"http:\/\/www.clerchinicolau.com\/general\/i-jornada-de-portes-obertes\/\">podeu consultar el programa de la Jornada de Portes Obertes en aquest enlla\u00e7<\/a>. La Fundaci\u00f3 Clerch i Nicolau t\u00e9 la seva seu al carrer Nou, 53 de Figueres.<\/p>\n","protected":false},"excerpt":{"rendered":"<p>Dem\u00e0 divendres 27 de juny, de 10 del mat\u00ed a 8 del vespre, la Fundaci\u00f3 Clerch i Nicolau organitza una Jornada de Portes Obertes per donar a con\u00e8ixer els serveis i activitats.<\/p>\n","protected":false},"author":3,"featured_media":4380,"comment_status":"closed","ping_status":"closed","sticky":false,"template":"","format":"standard","meta":{"footnotes":""},"categories":[106,33,101,105,104,103,1,108],"tags":[],"class_list":["post-4379","post","type-post","status-publish","format-standard","has-post-thumbnail","hentry","category-administracions","category-agenda","category-ciutadania","category-empreses","category-entitats-socials","category-estudiants-escoles-instituts","category-general","category-mitjans-comunicacio","category-106","category-33","category-101","category-105","category-104","category-103","category-1","category-108","description-off"],"_links":{"self":[{"href":"https:\/\/inclusioaltemporda.cat\/portal\/wp-json\/wp\/v2\/posts\/4379","targetHints":{"allow":["GET"]}}],"collection":[{"href":"https:\/\/inclusioaltemporda.cat\/portal\/wp-json\/wp\/v2\/posts"}],"about":[{"href":"https:\/\/inclusioaltemporda.cat\/portal\/wp-json\/wp\/v2\/types\/post"}],"author":[{"embeddable":true,"href":"https:\/\/inclusioaltemporda.cat\/portal\/wp-json\/wp\/v2\/users\/3"}],"replies":[{"embeddable":true,"href":"https:\/\/inclusioaltemporda.cat\/portal\/wp-json\/wp\/v2\/comments?post=4379"}],"version-history":[{"count":4,"href":"https:\/\/inclusioaltemporda.cat\/portal\/wp-json\/wp\/v2\/posts\/4379\/revisions"}],"predecessor-version":[{"id":4384,"href":"https:\/\/inclusioaltemporda.cat\/portal\/wp-json\/wp\/v2\/posts\/4379\/revisions\/4384"}],"wp:featuredmedia":[{"embeddable":true,"href":"https:\/\/inclusioaltemporda.cat\/portal\/wp-json\/wp\/v2\/media\/4380"}],"wp:attachment":[{"href":"https:\/\/inclusioaltemporda.cat\/portal\/wp-json\/wp\/v2\/media?parent=4379"}],"wp:term":[{"taxonomy":"category","embeddable":true,"href":"https:\/\/inclusioaltemporda.cat\/portal\/wp-json\/wp\/v2\/categories?post=4379"},{"taxonomy":"post_tag","embeddable":true,"href":"https:\/\/inclusioaltemporda.cat\/portal\/wp-json\/wp\/v2\/tags?post=4379"}],"curies":[{"name":"wp","href":"https:\/\/api.w.org\/{rel}","templated":true}]}}