{"id":4393,"date":"2014-06-27T09:59:49","date_gmt":"2014-06-27T08:59:49","guid":{"rendered":"https:\/\/inclusioaltemporda.cat\/portal\/?p=4393"},"modified":"2016-02-01T09:24:42","modified_gmt":"2016-02-01T08:24:42","slug":"25e-aniversari-convencio-sobre-els-drets-dels-infants-de-les-nacions-unides","status":"publish","type":"post","link":"https:\/\/inclusioaltemporda.cat\/portal\/25e-aniversari-convencio-sobre-els-drets-dels-infants-de-les-nacions-unides\/","title":{"rendered":"25\u00e8 aniversari Convenci\u00f3 sobre els Drets dels Infants de les Nacions Unides"},"content":{"rendered":"<p>Amb motiu de la commemoraci\u00f3 del 25\u00e8 aniversari de la Convenci\u00f3 sobre els Drets dels Infants de les Nacions Unides, l&#8217;Observatori dels Drets de la Inf\u00e0ncia del departament de Benestar Social i Fam\u00edlia ha presentat una publicaci\u00f3 que recull les principals accions i aportacions que s&#8217;han promogut fins al moment en aquest terreny.<\/p>\n<p>La finalitat d&#8217;aquest recull de material \u00e9s subratllar aquells aspectes de la Convenci\u00f3 que han quedat m\u00e9s reflectits en cadascun dels Drets dels Infants i aquells que han passat m\u00e9s desapercebuts, per tal de promoure una reflexi\u00f3 sobre com s&#8217;estan definint les prioritats en mat\u00e8ria de Drets dels Infants al nostre pa\u00eds, i com els principis d&#8217;aquesta Convenci\u00f3 han quedat recollits en la legislaci\u00f3 i en les prioritats de pol\u00edtica p\u00fablica.<\/p>\n<p>Mitjan\u00e7ant aquest <a href=\"https:\/\/inclusioaltemporda.cat\/portal\/wp-content\/uploads\/Cap-el-25\u00e8-Aniversari-de-la-Convenci\u00f3.-Quaderns-Observatori-3.pdf\">enlla\u00e7 podeu consultar aquesta publicaci\u00f3 que porta per t\u00edtol Documents de l&#8217;Observatori dels Drets de la Inf\u00e0ncia: Cap al 25\u00e8 aniversari de la Convenci\u00f3<\/a>.<\/p>\n<p>En el marc dels actes de commemoraci\u00f3 d&#8217;aquest aniversari, el proper dijous 3 de juliol tindr\u00e0 lloc al Parlament de Catalunya una jornada sobre els continguts de la Convenci\u00f3 &#8220;Reptes per a Catalunya i avaluaci\u00f3 d&#8217;impacte en la inf\u00e0ncia&#8221;, organitzada per la <a href=\"http:\/\/blocs.gencat.cat\/blocs\/AppPHP\/PDIA\/taula-nacional-de-la-infancia-de-catalunya\/\">Taula Nacional de la Inf\u00e0ncia de Cataluny<\/a>a, la <a href=\"http:\/\/www.tercersector.cat\/pincat\">Plataforma d&#8217;Inf\u00e0ncia de Catalunya<\/a> i la <a href=\"http:\/\/www.unicef.es\/cat\">UNICEF<\/a>. <a href=\"http:\/\/blocs.gencat.cat\/blocs\/AppPHP\/PDIA\/2014\/06\/10\/pdiac-el-25e-aniversari-de-la-convencio-sobre-els-drets-de-linfant-al-parlament-de-catalunya\/\">Podeu accedir a m\u00e9s informaci\u00f3 i inscripcions en aquesta jornada en aquest enlla\u00e7<\/a>.<\/p>\n<p>&nbsp;<\/p>\n","protected":false},"excerpt":{"rendered":"<p>L&#8217;Observatori dels Drets de la Inf\u00e0ncia del departament de Benestar Social i Fam\u00edlia presenta una publicaci\u00f3 en el marc del desenvolupament de la Convenci\u00f3 sobre els Drets dels Infants de NNUU.<\/p>\n","protected":false},"author":3,"featured_media":4396,"comment_status":"closed","ping_status":"closed","sticky":false,"template":"","format":"standard","meta":{"footnotes":""},"categories":[106,33,107,101,104,103,1,108,12,102],"tags":[],"class_list":["post-4393","post","type-post","status-publish","format-standard","has-post-thumbnail","hentry","category-administracions","category-agenda","category-centres-recerca-universitats","category-ciutadania","category-entitats-socials","category-estudiants-escoles-instituts","category-general","category-mitjans-comunicacio","category-pla-dinclusio-2","category-professionals-ambit-social","category-106","category-33","category-107","category-101","category-104","category-103","category-1","category-108","category-12","category-102","description-off"],"_links":{"self":[{"href":"https:\/\/inclusioaltemporda.cat\/portal\/wp-json\/wp\/v2\/posts\/4393","targetHints":{"allow":["GET"]}}],"collection":[{"href":"https:\/\/inclusioaltemporda.cat\/portal\/wp-json\/wp\/v2\/posts"}],"about":[{"href":"https:\/\/inclusioaltemporda.cat\/portal\/wp-json\/wp\/v2\/types\/post"}],"author":[{"embeddable":true,"href":"https:\/\/inclusioaltemporda.cat\/portal\/wp-json\/wp\/v2\/users\/3"}],"replies":[{"embeddable":true,"href":"https:\/\/inclusioaltemporda.cat\/portal\/wp-json\/wp\/v2\/comments?post=4393"}],"version-history":[{"count":5,"href":"https:\/\/inclusioaltemporda.cat\/portal\/wp-json\/wp\/v2\/posts\/4393\/revisions"}],"predecessor-version":[{"id":4400,"href":"https:\/\/inclusioaltemporda.cat\/portal\/wp-json\/wp\/v2\/posts\/4393\/revisions\/4400"}],"wp:featuredmedia":[{"embeddable":true,"href":"https:\/\/inclusioaltemporda.cat\/portal\/wp-json\/wp\/v2\/media\/4396"}],"wp:attachment":[{"href":"https:\/\/inclusioaltemporda.cat\/portal\/wp-json\/wp\/v2\/media?parent=4393"}],"wp:term":[{"taxonomy":"category","embeddable":true,"href":"https:\/\/inclusioaltemporda.cat\/portal\/wp-json\/wp\/v2\/categories?post=4393"},{"taxonomy":"post_tag","embeddable":true,"href":"https:\/\/inclusioaltemporda.cat\/portal\/wp-json\/wp\/v2\/tags?post=4393"}],"curies":[{"name":"wp","href":"https:\/\/api.w.org\/{rel}","templated":true}]}}