{"id":4408,"date":"2014-06-30T07:40:50","date_gmt":"2014-06-30T06:40:50","guid":{"rendered":"https:\/\/inclusioaltemporda.cat\/portal\/?p=4408"},"modified":"2016-02-01T09:24:42","modified_gmt":"2016-02-01T08:24:42","slug":"acte-precongressual-a-la-demarcacio-de-girona-del-congres-nacional-de-la-gent-gran-2","status":"publish","type":"post","link":"https:\/\/inclusioaltemporda.cat\/portal\/acte-precongressual-a-la-demarcacio-de-girona-del-congres-nacional-de-la-gent-gran-2\/","title":{"rendered":"Acte precongressual a la Demarcaci\u00f3 de Girona del Congr\u00e8s Nacional de la Gent Gran"},"content":{"rendered":"<p>Dem\u00e0 l&#8217;Auditori Josep Irla de Girona acollir\u00e0 un acte precongressual de la Demarcaci\u00f3 de Girona del <a href=\"http:\/\/www20.gencat.cat\/portal\/site\/bsf\/menuitem.7fca6ecb84d307b43f6c8910b0c0e1a0\/?vgnextoid=781576155f424410VgnVCM1000008d0c1e0aRCRD&amp;vgnextchannel=781576155f424410VgnVCM1000008d0c1e0aRCRD&amp;vgnextfmt=default&amp;contentid=28d65f6734524410VgnVCM2000009b0c1e0aRCRD\" target=\"_blank\">7\u00e8 Congr\u00e9s Nacional de la Gent Gran (CNGG)<\/a>, que comptar\u00e0 amb la participaci\u00f3 de tots els delegats escollits fins al moment per a representar les Comarques Gironines al Congr\u00e9s.<\/p>\n<p>El Departament de Benestar Social i Fam\u00edlia convoca aquest acte amb la voluntat de preparar la jornada de debat del 7\u00e8 CNGG que tindr\u00e0 lloc el dimecres 8 d\u2019octubre al M\u00f3n Sant Benet del Bages, i per tal de seguir treballant les pon\u00e8ncies i les conclusions, les quals serviran per marcar l\u2019agenda pol\u00edtica en mat\u00e8ria de gent gran durant els quatre anys que passen fins a la celebraci\u00f3 del seg\u00fcent Congr\u00e9s.<\/p>\n<p>Durant el mes de juny els vuit delegats de la comarca de l&#8217;Alt Empord\u00e0 al 7\u00e8 CNGG han treballat en la presentaci\u00f3 d&#8217;esmenes a les dues pon\u00e8ncies que es debatran en l&#8217;acte final del Congr\u00e8s. Les dues pon\u00e8ncies, titulades, &#8220;Persona, societat i benestar&#8221; i &#8220;La Catalunya del futur&#8221;, es poden consultar en el seg\u00fcent <a href=\"http:\/\/www20.gencat.cat\/portal\/site\/bsf\/menuitem.7fca6ecb84d307b43f6c8910b0c0e1a0\/?vgnextoid=781576155f424410VgnVCM1000008d0c1e0aRCRD&amp;vgnextchannel=781576155f424410VgnVCM1000008d0c1e0aRCRD&amp;vgnextfmt=default&amp;contentid=28d65f6734524410VgnVCM2000009b0c1e0aRCRD\" target=\"_blank\">enlla\u00e7<\/a>.<\/p>\n<p>El programa previst per a l&#8217;acte precongressual \u00e9s es seg\u00fcent:<\/p>\n<ul>\n<li>11:00 h \u2013 Salutaci\u00f3 de la Sra. Montserrat Roura, directora dels Serveis Territorials a Girona<\/li>\n<li>11:10 h \u2013 Presentaci\u00f3 de la campanya \u201cLa Gent Gran: Patrimoni de la Humanitat\u201d, a c\u00e0rrec de la Sra. Dolors Gordi, secret\u00e0ria de Fam\u00edlia, del Departament de Benestar Social i Fam\u00edlia<\/li>\n<li>11:45 h \u2013 Intervenci\u00f3 per part del Sr. Agust\u00ed Vil\u00e0, responsable de l\u2019Oficina de Gent Gran Activa, i coordinador del 7\u00e8 Congr\u00e9s<\/li>\n<li>12:00 h \u2013 Intervenci\u00f3 dels Consells Consultius<\/li>\n<li>12:30 h \u2013Cloenda per part de la Sra. Dolors Gordi, secret\u00e0ria de Fam\u00edlia, del Departament de Benestar Social i Fam\u00edlia<\/li>\n<\/ul>\n","protected":false},"excerpt":{"rendered":"<p>Els delegats de l&#8217;Alt Empord\u00e0 participaran en un acte precongressual dem\u00e0 a Girona.<\/p>\n","protected":false},"author":3,"featured_media":1418,"comment_status":"closed","ping_status":"closed","sticky":false,"template":"","format":"standard","meta":{"footnotes":""},"categories":[106,100,101,1,108],"tags":[],"class_list":["post-4408","post","type-post","status-publish","format-standard","has-post-thumbnail","hentry","category-administracions","category-area-benestar","category-ciutadania","category-general","category-mitjans-comunicacio","category-106","category-100","category-101","category-1","category-108","description-off"],"_links":{"self":[{"href":"https:\/\/inclusioaltemporda.cat\/portal\/wp-json\/wp\/v2\/posts\/4408","targetHints":{"allow":["GET"]}}],"collection":[{"href":"https:\/\/inclusioaltemporda.cat\/portal\/wp-json\/wp\/v2\/posts"}],"about":[{"href":"https:\/\/inclusioaltemporda.cat\/portal\/wp-json\/wp\/v2\/types\/post"}],"author":[{"embeddable":true,"href":"https:\/\/inclusioaltemporda.cat\/portal\/wp-json\/wp\/v2\/users\/3"}],"replies":[{"embeddable":true,"href":"https:\/\/inclusioaltemporda.cat\/portal\/wp-json\/wp\/v2\/comments?post=4408"}],"version-history":[{"count":1,"href":"https:\/\/inclusioaltemporda.cat\/portal\/wp-json\/wp\/v2\/posts\/4408\/revisions"}],"predecessor-version":[{"id":4409,"href":"https:\/\/inclusioaltemporda.cat\/portal\/wp-json\/wp\/v2\/posts\/4408\/revisions\/4409"}],"wp:featuredmedia":[{"embeddable":true,"href":"https:\/\/inclusioaltemporda.cat\/portal\/wp-json\/wp\/v2\/media\/1418"}],"wp:attachment":[{"href":"https:\/\/inclusioaltemporda.cat\/portal\/wp-json\/wp\/v2\/media?parent=4408"}],"wp:term":[{"taxonomy":"category","embeddable":true,"href":"https:\/\/inclusioaltemporda.cat\/portal\/wp-json\/wp\/v2\/categories?post=4408"},{"taxonomy":"post_tag","embeddable":true,"href":"https:\/\/inclusioaltemporda.cat\/portal\/wp-json\/wp\/v2\/tags?post=4408"}],"curies":[{"name":"wp","href":"https:\/\/api.w.org\/{rel}","templated":true}]}}