{"id":4410,"date":"2014-07-01T08:51:20","date_gmt":"2014-07-01T07:51:20","guid":{"rendered":"https:\/\/inclusioaltemporda.cat\/portal\/?p=4410"},"modified":"2016-02-01T09:24:42","modified_gmt":"2016-02-01T08:24:42","slug":"escola-destiu-del-voluntariat","status":"publish","type":"post","link":"https:\/\/inclusioaltemporda.cat\/portal\/escola-destiu-del-voluntariat\/","title":{"rendered":"Escola d&#8217;estiu del Voluntariat"},"content":{"rendered":"<p>Entre el proper 2 de juliol i el 27 de setembre tindr\u00e0 lloc l&#8217;Escola d&#8217;Estiu del Voluntariat, un espai de formaci\u00f3 que organitza el departament de Benestar Social i Fam\u00edlia.<\/p>\n<p>Aquesta formaci\u00f3 de car\u00e0cter flexible consta de cursos presencials intensius, cursos en l\u00ednia, tallers i seminaris internacionals, i est\u00e0 adre\u00e7ada a persones volunt\u00e0ries, coordinadors\/es i professionals de les entitats sense \u00e0nim de lucre. Algunes activitats estan obertes al conjunt de la ciutadania i les activitats presencials es porten a terme a Barcelona, Girona, Lleida, Tarragona, Manresa, Sabadell i Tortosa.<\/p>\n<p><a href=\"http:\/\/www.voluntariat.org\/Formaci%C3%B3\/EscoladEstiudelVoluntariat.aspx\">Si teniu inter\u00e8s a consultar m\u00e9s informaci\u00f3 ho podeu fer en aquest enlla\u00e7<\/a>.<\/p>\n<p>&nbsp;<\/p>\n","protected":false},"excerpt":{"rendered":"<p>Entre el proper 2 de juliol i el 27 de setembre tindr\u00e0 lloc l&#8217;Escola d&#8217;Estiu del Voluntariat, un espai de formaci\u00f3 del departament de Benestar Social i Fam\u00edlia.<\/p>\n","protected":false},"author":3,"featured_media":4411,"comment_status":"closed","ping_status":"closed","sticky":false,"template":"","format":"standard","meta":{"footnotes":""},"categories":[106,33,100,101,104,103,1,108,102],"tags":[],"class_list":["post-4410","post","type-post","status-publish","format-standard","has-post-thumbnail","hentry","category-administracions","category-agenda","category-area-benestar","category-ciutadania","category-entitats-socials","category-estudiants-escoles-instituts","category-general","category-mitjans-comunicacio","category-professionals-ambit-social","category-106","category-33","category-100","category-101","category-104","category-103","category-1","category-108","category-102","description-off"],"_links":{"self":[{"href":"https:\/\/inclusioaltemporda.cat\/portal\/wp-json\/wp\/v2\/posts\/4410","targetHints":{"allow":["GET"]}}],"collection":[{"href":"https:\/\/inclusioaltemporda.cat\/portal\/wp-json\/wp\/v2\/posts"}],"about":[{"href":"https:\/\/inclusioaltemporda.cat\/portal\/wp-json\/wp\/v2\/types\/post"}],"author":[{"embeddable":true,"href":"https:\/\/inclusioaltemporda.cat\/portal\/wp-json\/wp\/v2\/users\/3"}],"replies":[{"embeddable":true,"href":"https:\/\/inclusioaltemporda.cat\/portal\/wp-json\/wp\/v2\/comments?post=4410"}],"version-history":[{"count":1,"href":"https:\/\/inclusioaltemporda.cat\/portal\/wp-json\/wp\/v2\/posts\/4410\/revisions"}],"predecessor-version":[{"id":4412,"href":"https:\/\/inclusioaltemporda.cat\/portal\/wp-json\/wp\/v2\/posts\/4410\/revisions\/4412"}],"wp:featuredmedia":[{"embeddable":true,"href":"https:\/\/inclusioaltemporda.cat\/portal\/wp-json\/wp\/v2\/media\/4411"}],"wp:attachment":[{"href":"https:\/\/inclusioaltemporda.cat\/portal\/wp-json\/wp\/v2\/media?parent=4410"}],"wp:term":[{"taxonomy":"category","embeddable":true,"href":"https:\/\/inclusioaltemporda.cat\/portal\/wp-json\/wp\/v2\/categories?post=4410"},{"taxonomy":"post_tag","embeddable":true,"href":"https:\/\/inclusioaltemporda.cat\/portal\/wp-json\/wp\/v2\/tags?post=4410"}],"curies":[{"name":"wp","href":"https:\/\/api.w.org\/{rel}","templated":true}]}}