{"id":4413,"date":"2014-07-02T08:16:56","date_gmt":"2014-07-02T07:16:56","guid":{"rendered":"https:\/\/inclusioaltemporda.cat\/portal\/?p=4413"},"modified":"2016-02-01T09:24:41","modified_gmt":"2016-02-01T08:24:41","slug":"darrer-newsletter-del-projecte-europeu-labour-plus","status":"publish","type":"post","link":"https:\/\/inclusioaltemporda.cat\/portal\/darrer-newsletter-del-projecte-europeu-labour-plus\/","title":{"rendered":"Darrer Newsletter del projecte europeu Labour Plus"},"content":{"rendered":"<p>El projecte europeu Labour Plus, en el qual l&#8217;\u00e0rea de Benestar del Consell Comarcal \u00e9s el soci que lidera els continguts, publica peri\u00f2dicament <em>Newsletters <\/em>que resumeixen les principals activitats que porta a terme aquest projecte.<\/p>\n<p>El projecte Labour Plus, cofinan\u00e7at per la Uni\u00f3 Europea (Interreg IVC), est\u00e0 integrat per 11 socis i t\u00e9 com a finalitat intercanviar experi\u00e8ncies a nivell europeu i dissenyar una eina d\u2019integraci\u00f3 laboral per millorar la situaci\u00f3 sociolaboral de la poblaci\u00f3 d\u2019origen immigrant.<\/p>\n<p>Aquest projecte estar\u00e0 actiu fins a finals d&#8217;aquest any i est\u00e0 generant l&#8217;intercanvi de bones pr\u00e0ctiques entre socis i estrat\u00e8gies d\u2019intervenci\u00f3 per promoure una millor inclusi\u00f3 sociolaboral dels grups de poblaci\u00f3 m\u00e9s vulnerables.<\/p>\n<p><a href=\"https:\/\/inclusioaltemporda.cat\/portal\/wp-content\/uploads\/Newsletter_3.pdf\">Podeu consultar el darrer <em>Newsletter<\/em> en aquest enlla\u00e7<\/a>.<\/p>\n<p>Si teniu inter\u00e8s a con\u00e8ixer m\u00e9s a fons el projecte Labour Plus <a href=\"http:\/\/www.labourplus.eu\/\">accediu a la seva p\u00e0gina web<\/a>.<\/p>\n<p>&nbsp;<\/p>\n","protected":false},"excerpt":{"rendered":"<p>Ja podeu consultar els Newsletters que resumeixen les principals activitats del projecte Labour Plus en qu\u00e8 participa l&#8217;\u00e0rea de Benestar del Consell Comarcal.<\/p>\n","protected":false},"author":3,"featured_media":4414,"comment_status":"closed","ping_status":"closed","sticky":false,"template":"","format":"standard","meta":{"footnotes":""},"categories":[106,100,107,101,105,104,103,1,108,102],"tags":[],"class_list":["post-4413","post","type-post","status-publish","format-standard","has-post-thumbnail","hentry","category-administracions","category-area-benestar","category-centres-recerca-universitats","category-ciutadania","category-empreses","category-entitats-socials","category-estudiants-escoles-instituts","category-general","category-mitjans-comunicacio","category-professionals-ambit-social","category-106","category-100","category-107","category-101","category-105","category-104","category-103","category-1","category-108","category-102","description-off"],"_links":{"self":[{"href":"https:\/\/inclusioaltemporda.cat\/portal\/wp-json\/wp\/v2\/posts\/4413","targetHints":{"allow":["GET"]}}],"collection":[{"href":"https:\/\/inclusioaltemporda.cat\/portal\/wp-json\/wp\/v2\/posts"}],"about":[{"href":"https:\/\/inclusioaltemporda.cat\/portal\/wp-json\/wp\/v2\/types\/post"}],"author":[{"embeddable":true,"href":"https:\/\/inclusioaltemporda.cat\/portal\/wp-json\/wp\/v2\/users\/3"}],"replies":[{"embeddable":true,"href":"https:\/\/inclusioaltemporda.cat\/portal\/wp-json\/wp\/v2\/comments?post=4413"}],"version-history":[{"count":2,"href":"https:\/\/inclusioaltemporda.cat\/portal\/wp-json\/wp\/v2\/posts\/4413\/revisions"}],"predecessor-version":[{"id":4417,"href":"https:\/\/inclusioaltemporda.cat\/portal\/wp-json\/wp\/v2\/posts\/4413\/revisions\/4417"}],"wp:featuredmedia":[{"embeddable":true,"href":"https:\/\/inclusioaltemporda.cat\/portal\/wp-json\/wp\/v2\/media\/4414"}],"wp:attachment":[{"href":"https:\/\/inclusioaltemporda.cat\/portal\/wp-json\/wp\/v2\/media?parent=4413"}],"wp:term":[{"taxonomy":"category","embeddable":true,"href":"https:\/\/inclusioaltemporda.cat\/portal\/wp-json\/wp\/v2\/categories?post=4413"},{"taxonomy":"post_tag","embeddable":true,"href":"https:\/\/inclusioaltemporda.cat\/portal\/wp-json\/wp\/v2\/tags?post=4413"}],"curies":[{"name":"wp","href":"https:\/\/api.w.org\/{rel}","templated":true}]}}