{"id":4427,"date":"2014-07-03T07:39:37","date_gmt":"2014-07-03T06:39:37","guid":{"rendered":"https:\/\/inclusioaltemporda.cat\/portal\/?p=4427"},"modified":"2016-02-01T09:24:41","modified_gmt":"2016-02-01T08:24:41","slug":"campanya-de-recollida-de-llibres-de-text-de-ksameu","status":"publish","type":"post","link":"https:\/\/inclusioaltemporda.cat\/portal\/campanya-de-recollida-de-llibres-de-text-de-ksameu\/","title":{"rendered":"Campanya de recollida de llibres de text de Ksameu"},"content":{"rendered":"<p>L&#8217;entitat Ksameu-Sant Vicen\u00e7 de Pa\u00fcl posa en marxa una campanya de recollida de llibres de text d&#8217;ESO i Batxillerat per al proper curs escolar.<\/p>\n<p>Si teniu llibres de text, diccionaris i llibres de consulta en bon estat els podeu portar a la seu de l&#8217;entitat a la pla\u00e7a Sant Vicen\u00e7 de Pa\u00fcl de Figueres els mesos de juliol i setembre en horari de 10 a 13 h. i de 16 a 19h.<\/p>\n<p>Ksameu \u00e9s un projecte socioeducatiu posat en marxa per la Fundaci\u00f3 privada Sant Vicen\u00e7 de Pa\u00fcl l\u2019any 2007, a partir de la reflexi\u00f3 sobre la necessitat de millorar l\u2019oferta de recursos l\u00fadics i educatius per adolescents i joves a la ciutat de Figueres.<\/p>\n<p>El projecte socioeducatiu Ksameu t\u00e9 com a objectius prioritaris acollir i acompanyar adolescents i joves en el seu propi itinerari personal, posant esfor\u00e7 de manera especial en l\u2019educaci\u00f3 en la responsabilitat, a trav\u00e9s de d\u2019una metodologia de contracte fonamentada en els drets i deures.<\/p>\n<p><a href=\"https:\/\/sites.google.com\/a\/ksameu.cat\/ksameu\/home\">Si voleu con\u00e8ixer aquests projectes en aquest enlla\u00e7 trobareu tota la informaci\u00f3<\/a>.<\/p>\n<p>&nbsp;<\/p>\n<p>&nbsp;<\/p>\n<p>&nbsp;<\/p>\n<p>&nbsp;<\/p>\n","protected":false},"excerpt":{"rendered":"<p>L&#8217;entitat Ksameu-Sant Vicen\u00e7 de Pa\u00fcl posa en marxa una campanya de recollida de llibres de text d&#8217;ESO i Batxillerat per al proper curs escolar.<\/p>\n","protected":false},"author":3,"featured_media":4428,"comment_status":"closed","ping_status":"closed","sticky":false,"template":"","format":"standard","meta":{"footnotes":""},"categories":[106,33,101,105,104,103,1,108,11],"tags":[],"class_list":["post-4427","post","type-post","status-publish","format-standard","has-post-thumbnail","hentry","category-administracions","category-agenda","category-ciutadania","category-empreses","category-entitats-socials","category-estudiants-escoles-instituts","category-general","category-mitjans-comunicacio","category-taula-inclusio","category-106","category-33","category-101","category-105","category-104","category-103","category-1","category-108","category-11","description-off"],"_links":{"self":[{"href":"https:\/\/inclusioaltemporda.cat\/portal\/wp-json\/wp\/v2\/posts\/4427","targetHints":{"allow":["GET"]}}],"collection":[{"href":"https:\/\/inclusioaltemporda.cat\/portal\/wp-json\/wp\/v2\/posts"}],"about":[{"href":"https:\/\/inclusioaltemporda.cat\/portal\/wp-json\/wp\/v2\/types\/post"}],"author":[{"embeddable":true,"href":"https:\/\/inclusioaltemporda.cat\/portal\/wp-json\/wp\/v2\/users\/3"}],"replies":[{"embeddable":true,"href":"https:\/\/inclusioaltemporda.cat\/portal\/wp-json\/wp\/v2\/comments?post=4427"}],"version-history":[{"count":1,"href":"https:\/\/inclusioaltemporda.cat\/portal\/wp-json\/wp\/v2\/posts\/4427\/revisions"}],"predecessor-version":[{"id":4429,"href":"https:\/\/inclusioaltemporda.cat\/portal\/wp-json\/wp\/v2\/posts\/4427\/revisions\/4429"}],"wp:featuredmedia":[{"embeddable":true,"href":"https:\/\/inclusioaltemporda.cat\/portal\/wp-json\/wp\/v2\/media\/4428"}],"wp:attachment":[{"href":"https:\/\/inclusioaltemporda.cat\/portal\/wp-json\/wp\/v2\/media?parent=4427"}],"wp:term":[{"taxonomy":"category","embeddable":true,"href":"https:\/\/inclusioaltemporda.cat\/portal\/wp-json\/wp\/v2\/categories?post=4427"},{"taxonomy":"post_tag","embeddable":true,"href":"https:\/\/inclusioaltemporda.cat\/portal\/wp-json\/wp\/v2\/tags?post=4427"}],"curies":[{"name":"wp","href":"https:\/\/api.w.org\/{rel}","templated":true}]}}