{"id":4438,"date":"2014-07-08T07:35:28","date_gmt":"2014-07-08T06:35:28","guid":{"rendered":"https:\/\/inclusioaltemporda.cat\/portal\/?p=4438"},"modified":"2016-02-01T09:24:41","modified_gmt":"2016-02-01T08:24:41","slug":"inauguracio-de-loficina-jove-de-lalt-emporda","status":"publish","type":"post","link":"https:\/\/inclusioaltemporda.cat\/portal\/inauguracio-de-loficina-jove-de-lalt-emporda\/","title":{"rendered":"Inauguraci\u00f3 de l&#8217;Oficina Jove de l&#8217;Alt Empord\u00e0"},"content":{"rendered":"<p>El proper dijous, 10 de juliol, a les 18:00 h. tindr\u00e0 lloc la inauguraci\u00f3 de l&#8217;Oficina Jove de l&#8217;Alt Empord\u00e0 a l&#8217;edifici de l&#8217;antic alberg de Figueres.<\/p>\n<p>Aquesta Oficina Jove coordinar\u00e0 els serveis d&#8217;informaci\u00f3 i assessorament juvenil de la comarca i oferir\u00e0 atenci\u00f3 individualitzada a les necessitats dels joves de Figueres i la comarca relacionats amb el seu proc\u00e9s d&#8217;emancipaci\u00f3: Treball i Emprenedoria, Educaci\u00f3, Salut i Habitatge.\u00a0 Entre d&#8217;altres funcions, tamb\u00e9 es far\u00e0 c\u00e0rrec de difondre convocat\u00f2ries d&#8217;ajuts, tr\u00e0mits i recursos adre\u00e7ats als joves.<\/p>\n<p>L&#8217;Oficina Jove est\u00e0 promoguda pel departament de Benestar Social i Fam\u00edlia i forma part de la xarxa d&#8217;oficines joves de Catalunya que <a href=\"http:\/\/www.oficinajove.cat\/ca\/oficinajove\">podeu consultar en aquest enlla\u00e7<\/a>.<\/p>\n","protected":false},"excerpt":{"rendered":"<p>El proper dijous, 10 de juliol, a les 18:00 h. tindr\u00e0 lloc la inauguraci\u00f3 de l&#8217;Oficina Jove de l&#8217;Alt Empord\u00e0 a l&#8217;edifici de l&#8217;antic alberg de Figueres.<\/p>\n","protected":false},"author":3,"featured_media":4439,"comment_status":"closed","ping_status":"closed","sticky":false,"template":"","format":"standard","meta":{"footnotes":""},"categories":[106,33,101,104,103,1,108],"tags":[],"class_list":["post-4438","post","type-post","status-publish","format-standard","has-post-thumbnail","hentry","category-administracions","category-agenda","category-ciutadania","category-entitats-socials","category-estudiants-escoles-instituts","category-general","category-mitjans-comunicacio","category-106","category-33","category-101","category-104","category-103","category-1","category-108","description-off"],"_links":{"self":[{"href":"https:\/\/inclusioaltemporda.cat\/portal\/wp-json\/wp\/v2\/posts\/4438","targetHints":{"allow":["GET"]}}],"collection":[{"href":"https:\/\/inclusioaltemporda.cat\/portal\/wp-json\/wp\/v2\/posts"}],"about":[{"href":"https:\/\/inclusioaltemporda.cat\/portal\/wp-json\/wp\/v2\/types\/post"}],"author":[{"embeddable":true,"href":"https:\/\/inclusioaltemporda.cat\/portal\/wp-json\/wp\/v2\/users\/3"}],"replies":[{"embeddable":true,"href":"https:\/\/inclusioaltemporda.cat\/portal\/wp-json\/wp\/v2\/comments?post=4438"}],"version-history":[{"count":1,"href":"https:\/\/inclusioaltemporda.cat\/portal\/wp-json\/wp\/v2\/posts\/4438\/revisions"}],"predecessor-version":[{"id":4440,"href":"https:\/\/inclusioaltemporda.cat\/portal\/wp-json\/wp\/v2\/posts\/4438\/revisions\/4440"}],"wp:featuredmedia":[{"embeddable":true,"href":"https:\/\/inclusioaltemporda.cat\/portal\/wp-json\/wp\/v2\/media\/4439"}],"wp:attachment":[{"href":"https:\/\/inclusioaltemporda.cat\/portal\/wp-json\/wp\/v2\/media?parent=4438"}],"wp:term":[{"taxonomy":"category","embeddable":true,"href":"https:\/\/inclusioaltemporda.cat\/portal\/wp-json\/wp\/v2\/categories?post=4438"},{"taxonomy":"post_tag","embeddable":true,"href":"https:\/\/inclusioaltemporda.cat\/portal\/wp-json\/wp\/v2\/tags?post=4438"}],"curies":[{"name":"wp","href":"https:\/\/api.w.org\/{rel}","templated":true}]}}