{"id":4446,"date":"2014-07-09T08:25:38","date_gmt":"2014-07-09T07:25:38","guid":{"rendered":"https:\/\/inclusioaltemporda.cat\/portal\/?p=4446"},"modified":"2016-02-01T09:24:41","modified_gmt":"2016-02-01T08:24:41","slug":"fira-dintercanvi-de-llibres-de-text-de-secundaria","status":"publish","type":"post","link":"https:\/\/inclusioaltemporda.cat\/portal\/fira-dintercanvi-de-llibres-de-text-de-secundaria\/","title":{"rendered":"Fira d&#8217;intercanvi de llibres de text de secund\u00e0ria"},"content":{"rendered":"<p>C\u00e0ritas Figueres i l&#8217;Ajuntament de la ciutat organitzen aquest mat\u00ed la <a href=\"http:\/\/www.plataformaentitatsaltemporda.cat\/wp-content\/uploads\/fira.pdf\" target=\"_blank\">1a Fira d&#8217;intercanvi de llibres de text de secund\u00e0ria<\/a>.<\/p>\n<p>La fira \u00e9s una oportunitat per a les fam\u00edlies per intercanviar, vendre o comprar llibres de text de secund\u00e0ria (ESO i Batxillerat) de segona m\u00e0. Si esteu interessats o teniu llibres en bon estat us podeu acostar a la parada que hi haur\u00e0 de 9h a 14h a la Pla\u00e7a Catalunya.<\/p>\n<p>L&#8217;entitat figuerenca tamb\u00e9 compta amb un banc de llibres, al qual es poden fer donacions a trav\u00e9s de la pr\u00f2pia fira, o directament al local de l&#8217;entitat (Pl. Sant Vicen\u00e7 de Pa\u00fcl, 2) durant tots els matins dels mesos d&#8217;estiu.<\/p>\n<p><a href=\"http:\/\/caritasfigueres.entitatsfigueres.cat\/Home\/_H4QS29qxa72TbcRw4GONyhRhpazP45eg24F1cF991FLzKcR_D2aWNQ\" target=\"_blank\">C\u00e0ritas Figueres<\/a> \u00e9s una entitat que pertany a l&#8217;esgl\u00e9sia cat\u00f2lica que t\u00e9 com a objectiu donar resposta a les necessitats de les persones i col\u00b7lectius m\u00e9s desfavorits socialment mitjan\u00e7ant programes d\u2019assist\u00e8ncia, orientaci\u00f3, acompanyament i promoci\u00f3 educativa i laboral.<\/p>\n<p>Aquesta entitat ajuda aquelles persones en situaci\u00f3 m\u00e9s vulnerable de la comarca\u00a0 i treballa amb persones que es troben en situaci\u00f3 irregular o indocumentades i amb persones derivades de les administracions p\u00fabliques amb necessitats b\u00e0siques d&#8217;alimentaci\u00f3, roba i sostre.<\/p>\n","protected":false},"excerpt":{"rendered":"<p>C\u00e0ritas Figueres i l&#8217;Ajuntament de la ciutat organitzen aquest mat\u00ed la 1a Fira d&#8217;intercanvi de llibres de text de secund\u00e0ria.<\/p>\n","protected":false},"author":2,"featured_media":4442,"comment_status":"closed","ping_status":"closed","sticky":false,"template":"","format":"standard","meta":{"footnotes":""},"categories":[106,33,101,104,103,1,108],"tags":[],"class_list":["post-4446","post","type-post","status-publish","format-standard","has-post-thumbnail","hentry","category-administracions","category-agenda","category-ciutadania","category-entitats-socials","category-estudiants-escoles-instituts","category-general","category-mitjans-comunicacio","category-106","category-33","category-101","category-104","category-103","category-1","category-108","description-off"],"_links":{"self":[{"href":"https:\/\/inclusioaltemporda.cat\/portal\/wp-json\/wp\/v2\/posts\/4446","targetHints":{"allow":["GET"]}}],"collection":[{"href":"https:\/\/inclusioaltemporda.cat\/portal\/wp-json\/wp\/v2\/posts"}],"about":[{"href":"https:\/\/inclusioaltemporda.cat\/portal\/wp-json\/wp\/v2\/types\/post"}],"author":[{"embeddable":true,"href":"https:\/\/inclusioaltemporda.cat\/portal\/wp-json\/wp\/v2\/users\/2"}],"replies":[{"embeddable":true,"href":"https:\/\/inclusioaltemporda.cat\/portal\/wp-json\/wp\/v2\/comments?post=4446"}],"version-history":[{"count":2,"href":"https:\/\/inclusioaltemporda.cat\/portal\/wp-json\/wp\/v2\/posts\/4446\/revisions"}],"predecessor-version":[{"id":4448,"href":"https:\/\/inclusioaltemporda.cat\/portal\/wp-json\/wp\/v2\/posts\/4446\/revisions\/4448"}],"wp:featuredmedia":[{"embeddable":true,"href":"https:\/\/inclusioaltemporda.cat\/portal\/wp-json\/wp\/v2\/media\/4442"}],"wp:attachment":[{"href":"https:\/\/inclusioaltemporda.cat\/portal\/wp-json\/wp\/v2\/media?parent=4446"}],"wp:term":[{"taxonomy":"category","embeddable":true,"href":"https:\/\/inclusioaltemporda.cat\/portal\/wp-json\/wp\/v2\/categories?post=4446"},{"taxonomy":"post_tag","embeddable":true,"href":"https:\/\/inclusioaltemporda.cat\/portal\/wp-json\/wp\/v2\/tags?post=4446"}],"curies":[{"name":"wp","href":"https:\/\/api.w.org\/{rel}","templated":true}]}}