{"id":4450,"date":"2014-07-10T08:48:10","date_gmt":"2014-07-10T07:48:10","guid":{"rendered":"https:\/\/inclusioaltemporda.cat\/portal\/?p=4450"},"modified":"2016-02-01T09:24:40","modified_gmt":"2016-02-01T08:24:40","slug":"consulta-online-la-publicacio-mirades-plulrals","status":"publish","type":"post","link":"https:\/\/inclusioaltemporda.cat\/portal\/consulta-online-la-publicacio-mirades-plulrals\/","title":{"rendered":"Consulta online la publicaci\u00f3 &#8220;Mirades plulrals&#8221;"},"content":{"rendered":"<p>Ja es pot consultar i descarregar online la publicaci\u00f3 &#8220;Mirades plurals. La Gesti\u00f3 de la diversitat a l&#8217;Alt Empord\u00e0&#8221;.<\/p>\n<p>La publicaci\u00f3 &#8220;Mirades plurals. La Gesti\u00f3 de la diversitat a l&#8217;Alt Empord\u00e0&#8221;, que forma part de la transfer\u00e8ncia de bona pr\u00e0ctica entre l&#8217;Ajuntament de Nieuwegen i el Consell Comarcal, en el marc del projecte Labour Plus, presenta diferents projectes i estrat\u00e8gies sobre la gesti\u00f3 de la diversitat a Catalunya i Holanda, centrant especial atenci\u00f3 en 8 projectes desenvolupats per diferents agents p\u00fablics i privats a l&#8217;Alt Empord\u00e0. Aquests s\u00f3n: l&#8217;Institut p\u00fablic de La Jonquera; el Servei Jove de l&#8217;Ajuntament de Castell\u00f3 d&#8217;Emp\u00faries, els serveis socials b\u00e0sics del Consell Comarcal, l&#8217;\u00c0rea de Ginecologia i Pediatria de l&#8217;Hospital de Figueres, el Festival Ingr\u00e0vid de Cultura Contempor\u00e0nia de l&#8217;Empord\u00e0, la Xarxa de Conviv\u00e8ncia de Roses, el Club Esportiu Junc\u00e0ria i Tramuntana TV.<\/p>\n<div data-configid=\"12643291\/8564033\" style=\"width: 750px; height: 685px;\" class=\"issuuembed\"><\/div>\n<p><script type=\"text\/javascript\" src=\"\/\/e.issuu.com\/embed.js\" async=\"true\"><\/script><\/p>\n<p>L&#8217;intercanvi de bona pr\u00e0ctica s&#8217;ha dut a terme en el marc del <a href=\"http:\/\/www.labourplus.eu\/\">Projecte Europeu Labour Plus<\/a>, que t\u00e9 com a finalitat compartir coneixement i innovar en relaci\u00f3 a la gesti\u00f3 de la diversitat a partir d\u2019actuacions i aprenentatges en curs en diversos territoris.<\/p>\n<p>El projecte Labour Plus est\u00e0 cofinan\u00e7at per la Comissi\u00f3 Europea (Interreg IVC) i es va posar en marxa l\u2019any 2012. L\u2019\u00e0rea de Benestar del Consell Comarcal, que lidera els continguts del projecte, participa juntament amb deu socis europeus en aquesta iniciativa: Ajuntament de Nieuwegen (Pa\u00efsos Baixos), Prov\u00edncia de Padua (It\u00e0lia), ENTP (European New Towns &amp; Pilot Cities Platform), Universitat de Latvia (Let\u00f2nia), Antwerp Centre for Minorities (B\u00e8lgica), Ajuntament de Nagyk\u00e1llo (Hongria), Mittelhessischer Bildungsverbaud (Marburg, Alemanya), Agencia de Desarrollo (Santa Cruz de Tenerife), Newry and Mourne District Council (Gran Bretanya) i l\u2019Administraci\u00f3 Regional de Sofia (Bulg\u00e0ria).<\/p>\n","protected":false},"excerpt":{"rendered":"<p>Ja es pot consultar i descarregar la publicaci\u00f3 &#8220;Mirades plurals. La Gesti\u00f3 de la diversitat a l&#8217;Alt Empord\u00e0&#8221;.<\/p>\n","protected":false},"author":2,"featured_media":3621,"comment_status":"closed","ping_status":"closed","sticky":false,"template":"","format":"standard","meta":{"footnotes":""},"categories":[106,100,107,101,105,104,103,1,108,13,102,111],"tags":[],"class_list":["post-4450","post","type-post","status-publish","format-standard","has-post-thumbnail","hentry","category-administracions","category-area-benestar","category-centres-recerca-universitats","category-ciutadania","category-empreses","category-entitats-socials","category-estudiants-escoles-instituts","category-general","category-mitjans-comunicacio","category-observatori-inclusio-social-alt-emporda","category-professionals-ambit-social","category-projectes-internacionals","category-106","category-100","category-107","category-101","category-105","category-104","category-103","category-1","category-108","category-13","category-102","category-111","description-off"],"_links":{"self":[{"href":"https:\/\/inclusioaltemporda.cat\/portal\/wp-json\/wp\/v2\/posts\/4450","targetHints":{"allow":["GET"]}}],"collection":[{"href":"https:\/\/inclusioaltemporda.cat\/portal\/wp-json\/wp\/v2\/posts"}],"about":[{"href":"https:\/\/inclusioaltemporda.cat\/portal\/wp-json\/wp\/v2\/types\/post"}],"author":[{"embeddable":true,"href":"https:\/\/inclusioaltemporda.cat\/portal\/wp-json\/wp\/v2\/users\/2"}],"replies":[{"embeddable":true,"href":"https:\/\/inclusioaltemporda.cat\/portal\/wp-json\/wp\/v2\/comments?post=4450"}],"version-history":[{"count":7,"href":"https:\/\/inclusioaltemporda.cat\/portal\/wp-json\/wp\/v2\/posts\/4450\/revisions"}],"predecessor-version":[{"id":4460,"href":"https:\/\/inclusioaltemporda.cat\/portal\/wp-json\/wp\/v2\/posts\/4450\/revisions\/4460"}],"wp:featuredmedia":[{"embeddable":true,"href":"https:\/\/inclusioaltemporda.cat\/portal\/wp-json\/wp\/v2\/media\/3621"}],"wp:attachment":[{"href":"https:\/\/inclusioaltemporda.cat\/portal\/wp-json\/wp\/v2\/media?parent=4450"}],"wp:term":[{"taxonomy":"category","embeddable":true,"href":"https:\/\/inclusioaltemporda.cat\/portal\/wp-json\/wp\/v2\/categories?post=4450"},{"taxonomy":"post_tag","embeddable":true,"href":"https:\/\/inclusioaltemporda.cat\/portal\/wp-json\/wp\/v2\/tags?post=4450"}],"curies":[{"name":"wp","href":"https:\/\/api.w.org\/{rel}","templated":true}]}}