{"id":4462,"date":"2014-07-15T08:34:18","date_gmt":"2014-07-15T07:34:18","guid":{"rendered":"https:\/\/inclusioaltemporda.cat\/portal\/?p=4462"},"modified":"2016-02-01T09:24:40","modified_gmt":"2016-02-01T08:24:40","slug":"10-000-joves-participaran-activitats-destiu-organitzades-a-la-comarca","status":"publish","type":"post","link":"https:\/\/inclusioaltemporda.cat\/portal\/10-000-joves-participaran-activitats-destiu-organitzades-a-la-comarca\/","title":{"rendered":"10.000 joves participen en activitats d&#8217;estiu organitzades a la comarca"},"content":{"rendered":"<p>El Servei de Joventut del Consell Comarcal de l&#8217;Alt Empord\u00e0 coordina els casals d\u2019estiu, col\u00f2nies, camps de treball, rutes itinerants i campaments que s\u2019organitzen aquest any a una cinquantena de municipis de la comarca. La majoria de les activitats de lleure que s\u2019han programat es desenvolupen entre els mesos de juliol i agost i est\u00e0 previst que aquest any acullin un total de 10.000 infants i joves d\u2019edats compreses entre els 3 i els 18 anys.<\/p>\n<p>En relaci\u00f3 a l\u2019any passat, el volum global d\u2019inscripcions ha crescut en la majoria d\u2019activitats ja que al 2013 es va a arribar a 8.175 participants. Aquest any l&#8217;\u00c0rea de Benestar del Consell Comarcal ha becat 36 infants de la comarca per a participar en estades de col\u00f2nies a la comarca. L&#8217;objectiu d&#8217;aquestes beques \u00e9s el d&#8217;afavorir la participaci\u00f3 d&#8217;infants i adolescents en risc d&#8217;exclusi\u00f3 social als recursos d&#8217;educaci\u00f3 no formal que s&#8217;ofereixen a l&#8217;Alt Empord\u00e0.<\/p>\n<p>D&#8217;acord amb les dades del Departament de Benestar Social i Fam\u00edlia a Catalunya la xifra d&#8217;infants i joves que participen en activitats de lleure a l&#8217;estiu superar\u00e0 enguany els 200.000 participants, que ho faran en m\u00e9s de 4.200 activitats promogudes per entitats d&#8217;educaci\u00f3 en el lleure, associacions educatives juvenils, AMPAs, empreses i institucions.<\/p>\n","protected":false},"excerpt":{"rendered":"<p>Les activitats, programades entre juliol i agost, acolliran infants i joves d\u2019edats compreses entre els 3 i els 18 anys.<\/p>\n","protected":false},"author":2,"featured_media":4465,"comment_status":"closed","ping_status":"closed","sticky":false,"template":"","format":"standard","meta":{"footnotes":""},"categories":[106,100,101,103,1,108],"tags":[],"class_list":["post-4462","post","type-post","status-publish","format-standard","has-post-thumbnail","hentry","category-administracions","category-area-benestar","category-ciutadania","category-estudiants-escoles-instituts","category-general","category-mitjans-comunicacio","category-106","category-100","category-101","category-103","category-1","category-108","description-off"],"_links":{"self":[{"href":"https:\/\/inclusioaltemporda.cat\/portal\/wp-json\/wp\/v2\/posts\/4462","targetHints":{"allow":["GET"]}}],"collection":[{"href":"https:\/\/inclusioaltemporda.cat\/portal\/wp-json\/wp\/v2\/posts"}],"about":[{"href":"https:\/\/inclusioaltemporda.cat\/portal\/wp-json\/wp\/v2\/types\/post"}],"author":[{"embeddable":true,"href":"https:\/\/inclusioaltemporda.cat\/portal\/wp-json\/wp\/v2\/users\/2"}],"replies":[{"embeddable":true,"href":"https:\/\/inclusioaltemporda.cat\/portal\/wp-json\/wp\/v2\/comments?post=4462"}],"version-history":[{"count":8,"href":"https:\/\/inclusioaltemporda.cat\/portal\/wp-json\/wp\/v2\/posts\/4462\/revisions"}],"predecessor-version":[{"id":4471,"href":"https:\/\/inclusioaltemporda.cat\/portal\/wp-json\/wp\/v2\/posts\/4462\/revisions\/4471"}],"wp:featuredmedia":[{"embeddable":true,"href":"https:\/\/inclusioaltemporda.cat\/portal\/wp-json\/wp\/v2\/media\/4465"}],"wp:attachment":[{"href":"https:\/\/inclusioaltemporda.cat\/portal\/wp-json\/wp\/v2\/media?parent=4462"}],"wp:term":[{"taxonomy":"category","embeddable":true,"href":"https:\/\/inclusioaltemporda.cat\/portal\/wp-json\/wp\/v2\/categories?post=4462"},{"taxonomy":"post_tag","embeddable":true,"href":"https:\/\/inclusioaltemporda.cat\/portal\/wp-json\/wp\/v2\/tags?post=4462"}],"curies":[{"name":"wp","href":"https:\/\/api.w.org\/{rel}","templated":true}]}}