{"id":4477,"date":"2014-07-21T07:43:20","date_gmt":"2014-07-21T06:43:20","guid":{"rendered":"https:\/\/inclusioaltemporda.cat\/portal\/?p=4477"},"modified":"2016-02-01T09:24:40","modified_gmt":"2016-02-01T08:24:40","slug":"curs-de-directors-i-directores-de-lleure-infantil-i-juvenil-a-figueres","status":"publish","type":"post","link":"https:\/\/inclusioaltemporda.cat\/portal\/curs-de-directors-i-directores-de-lleure-infantil-i-juvenil-a-figueres\/","title":{"rendered":"Curs de directors i directores de lleure infantil i juvenil a Figueres"},"content":{"rendered":"<p>L&#8217;Oficina Jove de Figueres acollir\u00e0 un curs de directors i directores de lleure infantil i juvenil els mesos d&#8217;agost i setembre.<\/p>\n<p>El curs impartit per l<a href=\"http:\/\/emporda.org\/\">&#8216;Escola l&#8217;Empord\u00e0<\/a>, centrat en el bloc formatiu D2, est\u00e0 adre\u00e7at a monitors\/es titulats; a persones que hagin cursat el cicle formatiu de grau superior de Jard\u00ed d&#8217;Inf\u00e0ncia; als mestres d&#8217;educaci\u00f3 infantil i prim\u00e0ria i a psic\u00f2legs i pedagogs.<\/p>\n<p>Les sessions s&#8217;impartiran en horari intensiu de mat\u00ed i tarda del 30 d&#8217;agost al 17 de setembre. Es cursaran un total de 135 hores i el preu de la inscripci\u00f3 \u00e9s de 300 \u20ac.<\/p>\n<p>Podeu accedir a la <a href=\"https:\/\/docs.google.com\/document\/d\/1-C6wWRB211IyGKeroP57hK3mGtR-t300wDNOCKzUaos\/edit#heading=h.thpdpxbg74ap\">informaci\u00f3 completa d&#8217;aquest curs en aquest enlla\u00e7<\/a>.<\/p>\n","protected":false},"excerpt":{"rendered":"<p>L&#8217;Oficina Jove de Figueres acollir\u00e0 un curs de directors i directores de lleure infantil i juvenil els mesos d&#8217;agost i setembre.<\/p>\n","protected":false},"author":3,"featured_media":4478,"comment_status":"closed","ping_status":"closed","sticky":false,"template":"","format":"standard","meta":{"footnotes":""},"categories":[106,33,100,101,104,103,1,108,102],"tags":[],"class_list":["post-4477","post","type-post","status-publish","format-standard","has-post-thumbnail","hentry","category-administracions","category-agenda","category-area-benestar","category-ciutadania","category-entitats-socials","category-estudiants-escoles-instituts","category-general","category-mitjans-comunicacio","category-professionals-ambit-social","category-106","category-33","category-100","category-101","category-104","category-103","category-1","category-108","category-102","description-off"],"_links":{"self":[{"href":"https:\/\/inclusioaltemporda.cat\/portal\/wp-json\/wp\/v2\/posts\/4477","targetHints":{"allow":["GET"]}}],"collection":[{"href":"https:\/\/inclusioaltemporda.cat\/portal\/wp-json\/wp\/v2\/posts"}],"about":[{"href":"https:\/\/inclusioaltemporda.cat\/portal\/wp-json\/wp\/v2\/types\/post"}],"author":[{"embeddable":true,"href":"https:\/\/inclusioaltemporda.cat\/portal\/wp-json\/wp\/v2\/users\/3"}],"replies":[{"embeddable":true,"href":"https:\/\/inclusioaltemporda.cat\/portal\/wp-json\/wp\/v2\/comments?post=4477"}],"version-history":[{"count":1,"href":"https:\/\/inclusioaltemporda.cat\/portal\/wp-json\/wp\/v2\/posts\/4477\/revisions"}],"predecessor-version":[{"id":4479,"href":"https:\/\/inclusioaltemporda.cat\/portal\/wp-json\/wp\/v2\/posts\/4477\/revisions\/4479"}],"wp:featuredmedia":[{"embeddable":true,"href":"https:\/\/inclusioaltemporda.cat\/portal\/wp-json\/wp\/v2\/media\/4478"}],"wp:attachment":[{"href":"https:\/\/inclusioaltemporda.cat\/portal\/wp-json\/wp\/v2\/media?parent=4477"}],"wp:term":[{"taxonomy":"category","embeddable":true,"href":"https:\/\/inclusioaltemporda.cat\/portal\/wp-json\/wp\/v2\/categories?post=4477"},{"taxonomy":"post_tag","embeddable":true,"href":"https:\/\/inclusioaltemporda.cat\/portal\/wp-json\/wp\/v2\/tags?post=4477"}],"curies":[{"name":"wp","href":"https:\/\/api.w.org\/{rel}","templated":true}]}}