{"id":4483,"date":"2014-08-06T10:29:21","date_gmt":"2014-08-06T09:29:21","guid":{"rendered":"https:\/\/inclusioaltemporda.cat\/portal\/?p=4483"},"modified":"2016-02-01T09:24:40","modified_gmt":"2016-02-01T08:24:40","slug":"concert-benefic-organitzat-per-lassociacio-el-tamariu","status":"publish","type":"post","link":"https:\/\/inclusioaltemporda.cat\/portal\/concert-benefic-organitzat-per-lassociacio-el-tamariu\/","title":{"rendered":"Concert ben\u00e8fic organitzat per l&#8217;Associaci\u00f3 El Tamariu"},"content":{"rendered":"<p>El proper dia 9 d\u2019agost l&#8217;Associaci\u00f3 El Tamariu organitza un <a href=\"http:\/\/www.plataformaentitatsaltemporda.cat\/wp-content\/uploads\/concertbenefic.png\" target=\"_blank\">concert a benefici de les activitats que du a terme la pr\u00f2pia entitat<\/a>.<\/p>\n<p>El concert est\u00e0 previst a les 6 de la tarda a la Bas\u00edlica de Santa Maria de Castell\u00f3 d\u2019Emp\u00faries, on actuar\u00e0 l\u2019Empord\u00e0 Gospel Choir dirigit per Tina Crespo. Els beneficis de l&#8217;activitat aniran destinats als projectes que desenvolupa El Tamariu, entitat que t\u00e9 com a objectiu facilitar la integraci\u00f3 social de les persones amb discapacitat de l\u2019Alt Empord\u00e0, a trav\u00e9s d&#8217;accions de sensibilitzaci\u00f3, i de la gesti\u00f3 d\u2019un centre especial de treball per a persones amb discapacitat.<\/p>\n","protected":false},"excerpt":{"rendered":"<p>El proper dia 9 d\u2019agost l&#8217;Associaci\u00f3 El Tamariu organitza un concert a benefici de les activitats que du a terme la pr\u00f2pia entitat.<\/p>\n","protected":false},"author":2,"featured_media":4328,"comment_status":"closed","ping_status":"closed","sticky":false,"template":"","format":"standard","meta":{"footnotes":""},"categories":[33,101,104,1,108,11],"tags":[],"class_list":["post-4483","post","type-post","status-publish","format-standard","has-post-thumbnail","hentry","category-agenda","category-ciutadania","category-entitats-socials","category-general","category-mitjans-comunicacio","category-taula-inclusio","category-33","category-101","category-104","category-1","category-108","category-11","description-off"],"_links":{"self":[{"href":"https:\/\/inclusioaltemporda.cat\/portal\/wp-json\/wp\/v2\/posts\/4483","targetHints":{"allow":["GET"]}}],"collection":[{"href":"https:\/\/inclusioaltemporda.cat\/portal\/wp-json\/wp\/v2\/posts"}],"about":[{"href":"https:\/\/inclusioaltemporda.cat\/portal\/wp-json\/wp\/v2\/types\/post"}],"author":[{"embeddable":true,"href":"https:\/\/inclusioaltemporda.cat\/portal\/wp-json\/wp\/v2\/users\/2"}],"replies":[{"embeddable":true,"href":"https:\/\/inclusioaltemporda.cat\/portal\/wp-json\/wp\/v2\/comments?post=4483"}],"version-history":[{"count":1,"href":"https:\/\/inclusioaltemporda.cat\/portal\/wp-json\/wp\/v2\/posts\/4483\/revisions"}],"predecessor-version":[{"id":4484,"href":"https:\/\/inclusioaltemporda.cat\/portal\/wp-json\/wp\/v2\/posts\/4483\/revisions\/4484"}],"wp:featuredmedia":[{"embeddable":true,"href":"https:\/\/inclusioaltemporda.cat\/portal\/wp-json\/wp\/v2\/media\/4328"}],"wp:attachment":[{"href":"https:\/\/inclusioaltemporda.cat\/portal\/wp-json\/wp\/v2\/media?parent=4483"}],"wp:term":[{"taxonomy":"category","embeddable":true,"href":"https:\/\/inclusioaltemporda.cat\/portal\/wp-json\/wp\/v2\/categories?post=4483"},{"taxonomy":"post_tag","embeddable":true,"href":"https:\/\/inclusioaltemporda.cat\/portal\/wp-json\/wp\/v2\/tags?post=4483"}],"curies":[{"name":"wp","href":"https:\/\/api.w.org\/{rel}","templated":true}]}}