{"id":4486,"date":"2014-08-14T10:13:37","date_gmt":"2014-08-14T09:13:37","guid":{"rendered":"https:\/\/inclusioaltemporda.cat\/portal\/?p=4486"},"modified":"2016-02-01T09:24:39","modified_gmt":"2016-02-01T08:24:39","slug":"curs-2014-2015-del-projecte-ksameu","status":"publish","type":"post","link":"https:\/\/inclusioaltemporda.cat\/portal\/curs-2014-2015-del-projecte-ksameu\/","title":{"rendered":"Curs 2014-2015 del projecte socioeducatiu Ksameu"},"content":{"rendered":"<p>El projecte socieducatiu <a href=\"https:\/\/inclusioaltemporda.cat\/portal\/wp-content\/uploads\/Fitxa-Ksameu.pdf\">KSAMEU<\/a> obrir\u00e0 les inscripcions per al curs 2014-2015 el proper mes de setembre. Es podran efectuar durant els dies 15 i 16 de setembre per als joves que han participat en les activitats d&#8217;estiu o ja varen assistir durant el curs anterior, i entre el 18 i el 19 per a la resta de joves interessats.<\/p>\n<p>El projecte, engegat per la Fundaci\u00f3 privada Sant Vicen\u00e7 de Pa\u00fcl l\u2019any 2007 a partir de la reflexi\u00f3 sobre la necessitat de millorar l\u2019oferta de recursos l\u00fadics i educatius per adolescents i joves a la ciutat de Figueres, t\u00e9 com a principals objectius acollir i acompanyar adolescents i joves en el seu propi itinerari personal, posant esfor\u00e7 de manera especial en l\u2019educaci\u00f3 en la responsabilitat, a trav\u00e9s de d\u2019una metodologia de contracte fonamentada en els drets i deures.<\/p>\n<p>Ksameu \u00e9s un recurs que funciona de dilluns a divendres fora de l\u2019horari escolar. Aquest t\u00e9 segmentats els grups d\u2019atenci\u00f3 en funci\u00f3 de l\u2019edat dels adolescents i joves participants.<\/p>\n<p>Podeu trobar m\u00e9s informaci\u00f3 sobre el proc\u00e9s d&#8217;inscripcions al curs 2014-2015 de Ksameu en <a href=\"https:\/\/inclusioaltemporda.cat\/portal\/wp-content\/uploads\/INSCRIPCIONS-SETEMBRE.pdf\">aquest enlla\u00e7<\/a>.<\/p>\n<div><\/div>\n<div><\/div>\n","protected":false},"excerpt":{"rendered":"<p>Les inscripcions es podran realitzar a partir del mes de setembre a la seu de l&#8217;entitat <\/p>\n","protected":false},"author":2,"featured_media":3265,"comment_status":"closed","ping_status":"closed","sticky":false,"template":"","format":"standard","meta":{"footnotes":""},"categories":[101,104,103,1,108,11],"tags":[],"class_list":["post-4486","post","type-post","status-publish","format-standard","has-post-thumbnail","hentry","category-ciutadania","category-entitats-socials","category-estudiants-escoles-instituts","category-general","category-mitjans-comunicacio","category-taula-inclusio","category-101","category-104","category-103","category-1","category-108","category-11","description-off"],"_links":{"self":[{"href":"https:\/\/inclusioaltemporda.cat\/portal\/wp-json\/wp\/v2\/posts\/4486","targetHints":{"allow":["GET"]}}],"collection":[{"href":"https:\/\/inclusioaltemporda.cat\/portal\/wp-json\/wp\/v2\/posts"}],"about":[{"href":"https:\/\/inclusioaltemporda.cat\/portal\/wp-json\/wp\/v2\/types\/post"}],"author":[{"embeddable":true,"href":"https:\/\/inclusioaltemporda.cat\/portal\/wp-json\/wp\/v2\/users\/2"}],"replies":[{"embeddable":true,"href":"https:\/\/inclusioaltemporda.cat\/portal\/wp-json\/wp\/v2\/comments?post=4486"}],"version-history":[{"count":4,"href":"https:\/\/inclusioaltemporda.cat\/portal\/wp-json\/wp\/v2\/posts\/4486\/revisions"}],"predecessor-version":[{"id":4491,"href":"https:\/\/inclusioaltemporda.cat\/portal\/wp-json\/wp\/v2\/posts\/4486\/revisions\/4491"}],"wp:featuredmedia":[{"embeddable":true,"href":"https:\/\/inclusioaltemporda.cat\/portal\/wp-json\/wp\/v2\/media\/3265"}],"wp:attachment":[{"href":"https:\/\/inclusioaltemporda.cat\/portal\/wp-json\/wp\/v2\/media?parent=4486"}],"wp:term":[{"taxonomy":"category","embeddable":true,"href":"https:\/\/inclusioaltemporda.cat\/portal\/wp-json\/wp\/v2\/categories?post=4486"},{"taxonomy":"post_tag","embeddable":true,"href":"https:\/\/inclusioaltemporda.cat\/portal\/wp-json\/wp\/v2\/tags?post=4486"}],"curies":[{"name":"wp","href":"https:\/\/api.w.org\/{rel}","templated":true}]}}