{"id":4493,"date":"2014-09-02T10:23:26","date_gmt":"2014-09-02T09:23:26","guid":{"rendered":"https:\/\/inclusioaltemporda.cat\/portal\/?p=4493"},"modified":"2016-02-01T09:24:39","modified_gmt":"2016-02-01T08:24:39","slug":"el-servei-dassessorament-i-orientacio-sobre-drogues-inicia-un-nou-curs","status":"publish","type":"post","link":"https:\/\/inclusioaltemporda.cat\/portal\/el-servei-dassessorament-i-orientacio-sobre-drogues-inicia-un-nou-curs\/","title":{"rendered":"El Servei d&#8217;Assessorament i Orientaci\u00f3 sobre Drogues inicia un nou curs"},"content":{"rendered":"<p>En el marc del <a href=\"https:\/\/inclusioaltemporda.cat\/portal\/larea-de-benestar-social-programa-comarcal-de-prevencio-de-drogodependencies\/\">Programa de Prevenci\u00f3 de Drogodepend\u00e8ncies<\/a> del Consell Comarcal de l\u00b4Alt Empord\u00e0 inicia un nou curs del <a href=\"https:\/\/inclusioaltemporda.cat\/portal\/wp-content\/uploads\/SOD.jpg\">Servei d&#8217;Orientaci\u00f3 i Assessorament sobre Drogues (SOD)<\/a>, destinat a adolescents i joves de la comarca.<\/p>\n<p>Aquest servei, que durant en el transcurs de l&#8217;any 2014 ha at\u00e8s 21 casos, \u00e9s un recurs de primera atenci\u00f3 especialitzat en orientar, assessorar i donar resposta a les diferents demandes d\u2019informaci\u00f3, prevenci\u00f3 i atenci\u00f3 plantejades per adolescents, joves, adults, pares, mares i professionals de la comarca en relaci\u00f3 a les drogues i a les conductes de risc.<\/p>\n<p>Els SOD t\u00e9 com a finalitat oferir atenci\u00f3 personalitzada a qualsevol persona i especialment als joves, a les fam\u00edlies i als professionals per l\u2019assessorament en prevenci\u00f3 i intervenci\u00f3 en drogues i conductes de risc associades, de manera confidencial i gratu\u00efta. Poden ser temes de consulta per aquest servei informaci\u00f3 sobre efectes i conseq\u00fc\u00e8ncies del consum de drogues, recursos assistencials i orientaci\u00f3 en casos de dificultats o problemes relacionats amb seu \u00fas o ab\u00fas, entre d&#8217;altres.<\/p>\n<p>El SOD es presta a les depend\u00e8ncies de l&#8217;\u00c0rea de Benestar, al segon pis del Consell Comarcal de l&#8217;Alt Empord\u00e0, cada dimarts de 16:00 a 19:00h de la tarda. Per poder accedir a aquest recurs nom\u00e9s cal demanar hora al tel\u00e8fon 972.677.050, o a trav\u00e9s del correu electr\u00f2nic sod@altemporda.cat.<\/p>\n<p>Aquest Servei s\u2019emmarca en l\u2019objectiu estrat\u00e8gic 6 fixat pel <a href=\"https:\/\/inclusioaltemporda.cat\/portal\/wp-content\/uploads\/Pla-dInclusi%C3%B3-versi%C3%B3_def.pdf\">Pla per a la Inclusi\u00f3 i la Cohesi\u00f3 Social de l\u2019Alt Empord\u00e0 2013-2016<\/a>: refor\u00e7ar els recursos de car\u00e0cter preventiu en l\u2019\u00e0mbit de la salut per als adolescents i joves de la comarca i, m\u00e9s en concret, en l\u2019objectiu operatiu 6.2. Promoure recursos espec\u00edfics que facilitin l\u2019atenci\u00f3 i la informaci\u00f3 en l\u2019\u00e0mbit de la salut per als adolescents i joves de la comarca.<\/p>\n","protected":false},"excerpt":{"rendered":"<p>El SOD reemprendr\u00e0 la seva activitat el proper dimarts 9 de setembre<\/p>\n","protected":false},"author":2,"featured_media":3262,"comment_status":"closed","ping_status":"closed","sticky":false,"template":"","format":"standard","meta":{"footnotes":""},"categories":[106,100,101,103,1,108,12,102],"tags":[],"class_list":["post-4493","post","type-post","status-publish","format-standard","has-post-thumbnail","hentry","category-administracions","category-area-benestar","category-ciutadania","category-estudiants-escoles-instituts","category-general","category-mitjans-comunicacio","category-pla-dinclusio-2","category-professionals-ambit-social","category-106","category-100","category-101","category-103","category-1","category-108","category-12","category-102","description-off"],"_links":{"self":[{"href":"https:\/\/inclusioaltemporda.cat\/portal\/wp-json\/wp\/v2\/posts\/4493","targetHints":{"allow":["GET"]}}],"collection":[{"href":"https:\/\/inclusioaltemporda.cat\/portal\/wp-json\/wp\/v2\/posts"}],"about":[{"href":"https:\/\/inclusioaltemporda.cat\/portal\/wp-json\/wp\/v2\/types\/post"}],"author":[{"embeddable":true,"href":"https:\/\/inclusioaltemporda.cat\/portal\/wp-json\/wp\/v2\/users\/2"}],"replies":[{"embeddable":true,"href":"https:\/\/inclusioaltemporda.cat\/portal\/wp-json\/wp\/v2\/comments?post=4493"}],"version-history":[{"count":2,"href":"https:\/\/inclusioaltemporda.cat\/portal\/wp-json\/wp\/v2\/posts\/4493\/revisions"}],"predecessor-version":[{"id":4496,"href":"https:\/\/inclusioaltemporda.cat\/portal\/wp-json\/wp\/v2\/posts\/4493\/revisions\/4496"}],"wp:featuredmedia":[{"embeddable":true,"href":"https:\/\/inclusioaltemporda.cat\/portal\/wp-json\/wp\/v2\/media\/3262"}],"wp:attachment":[{"href":"https:\/\/inclusioaltemporda.cat\/portal\/wp-json\/wp\/v2\/media?parent=4493"}],"wp:term":[{"taxonomy":"category","embeddable":true,"href":"https:\/\/inclusioaltemporda.cat\/portal\/wp-json\/wp\/v2\/categories?post=4493"},{"taxonomy":"post_tag","embeddable":true,"href":"https:\/\/inclusioaltemporda.cat\/portal\/wp-json\/wp\/v2\/tags?post=4493"}],"curies":[{"name":"wp","href":"https:\/\/api.w.org\/{rel}","templated":true}]}}