{"id":4497,"date":"2014-09-03T10:04:51","date_gmt":"2014-09-03T09:04:51","guid":{"rendered":"https:\/\/inclusioaltemporda.cat\/portal\/?p=4497"},"modified":"2016-02-01T09:24:39","modified_gmt":"2016-02-01T08:24:39","slug":"nova-oferta-dactivitats-de-la-motxilla-pedagogica-per-al-curs-2014-15","status":"publish","type":"post","link":"https:\/\/inclusioaltemporda.cat\/portal\/nova-oferta-dactivitats-de-la-motxilla-pedagogica-per-al-curs-2014-15\/","title":{"rendered":"Nova oferta d&#8217;activitats de la Motxilla Pedag\u00f2gica per al curs 2014-15"},"content":{"rendered":"<p>Des del dia 1 de setembre ja es pot consultar l&#8217;oferta d&#8217;activitats de la <a href=\"https:\/\/inclusioaltemporda.cat\/portal\/larea-de-benestar-social-la-motxilla-pedagogica\/\">Motxilla Pedag\u00f2gica<\/a> del Consell Comarcal per al curs escolar 2014-2015, a trav\u00e9s del <a href=\"http:\/\/www.altemporda.org\/portal\/benestar-social\/atencio-a-la-familia-infancia-adolescencia-i-dona\/motxilla-pedagogica\">web espec\u00edfic<\/a> d&#8217;aquest recurs educatiu. Per al present curs la Motxilla posa a disposici\u00f3 dels centres escolars de la comarca un total de 77 activitats i tallers, 29 dels quals van adre\u00e7ats a infants que cursen educaci\u00f3 prim\u00e0ria, i 48 activitats s&#8217;adrecen a alumnat de secund\u00e0ria de la comarca.<\/p>\n<p>Enguany la sol\u00b7licitud d&#8217;activitats de la Motxilla Pedag\u00f2gica, que nom\u00e9s es pot realitzar a trav\u00e9s del formulari telem\u00e0tic que torbareu en <a href=\"http:\/\/www.altemporda.org\/portal\/index.php?option=com_chronoforms&amp;chronoform=formulari_activitats_motxilla\">aquest enlla\u00e7<\/a>, estar\u00e0 oberta fins el dia 20 d&#8217;octubre.<\/p>\n<p>La Motxilla Pedag\u00f2gica \u00e9s un recurs que aglutina tota l\u2019oferta educativa que des de les diferents \u00e0rees del Consell Comarcal s\u2019adre\u00e7a als centres educatius de la comarca. Les activitats i tallers que s&#8217;ofereixen dins aquest recurs educatiu estan organitzades a l&#8217;entorn de deu centres d&#8217;inter\u00e8s: educaci\u00f3 ambiental, interculturalitat i cultura de la pau, g\u00e8nere i prevenci\u00f3 de la viol\u00e8ncia,educaci\u00f3 per a la salut, consum, esports, treball i formaci\u00f3, noves tecnologies, joventut i altres recursos. Des del curs escolar 2010-2011 algunes de les activitats incloses a la Motxilla estan finan\u00e7ades en part pels centres educatius que les sol\u00b7liciten.<\/p>\n<p>La Motxilla Pedag\u00f2gica va oferir el passat curs escolar un total de 47 activitats, en les quals varen participar 1.025 alumnes altempordanesos.<\/p>\n","protected":false},"excerpt":{"rendered":"<p>Ja est\u00e0 obert el per\u00edode de sol\u00b7licitud d&#8217;activitats de la Motxilla Pedag\u00f2gica per al present curs<\/p>\n","protected":false},"author":2,"featured_media":4431,"comment_status":"closed","ping_status":"closed","sticky":false,"template":"","format":"standard","meta":{"footnotes":""},"categories":[106,100,101,103,1,108],"tags":[],"class_list":["post-4497","post","type-post","status-publish","format-standard","has-post-thumbnail","hentry","category-administracions","category-area-benestar","category-ciutadania","category-estudiants-escoles-instituts","category-general","category-mitjans-comunicacio","category-106","category-100","category-101","category-103","category-1","category-108","description-off"],"_links":{"self":[{"href":"https:\/\/inclusioaltemporda.cat\/portal\/wp-json\/wp\/v2\/posts\/4497","targetHints":{"allow":["GET"]}}],"collection":[{"href":"https:\/\/inclusioaltemporda.cat\/portal\/wp-json\/wp\/v2\/posts"}],"about":[{"href":"https:\/\/inclusioaltemporda.cat\/portal\/wp-json\/wp\/v2\/types\/post"}],"author":[{"embeddable":true,"href":"https:\/\/inclusioaltemporda.cat\/portal\/wp-json\/wp\/v2\/users\/2"}],"replies":[{"embeddable":true,"href":"https:\/\/inclusioaltemporda.cat\/portal\/wp-json\/wp\/v2\/comments?post=4497"}],"version-history":[{"count":4,"href":"https:\/\/inclusioaltemporda.cat\/portal\/wp-json\/wp\/v2\/posts\/4497\/revisions"}],"predecessor-version":[{"id":4501,"href":"https:\/\/inclusioaltemporda.cat\/portal\/wp-json\/wp\/v2\/posts\/4497\/revisions\/4501"}],"wp:featuredmedia":[{"embeddable":true,"href":"https:\/\/inclusioaltemporda.cat\/portal\/wp-json\/wp\/v2\/media\/4431"}],"wp:attachment":[{"href":"https:\/\/inclusioaltemporda.cat\/portal\/wp-json\/wp\/v2\/media?parent=4497"}],"wp:term":[{"taxonomy":"category","embeddable":true,"href":"https:\/\/inclusioaltemporda.cat\/portal\/wp-json\/wp\/v2\/categories?post=4497"},{"taxonomy":"post_tag","embeddable":true,"href":"https:\/\/inclusioaltemporda.cat\/portal\/wp-json\/wp\/v2\/tags?post=4497"}],"curies":[{"name":"wp","href":"https:\/\/api.w.org\/{rel}","templated":true}]}}