{"id":4502,"date":"2014-09-04T08:37:31","date_gmt":"2014-09-04T07:37:31","guid":{"rendered":"https:\/\/inclusioaltemporda.cat\/portal\/?p=4502"},"modified":"2016-02-01T09:24:39","modified_gmt":"2016-02-01T08:24:39","slug":"consulta-el-darrer-newsletter-del-projecte-labour-plus","status":"publish","type":"post","link":"https:\/\/inclusioaltemporda.cat\/portal\/consulta-el-darrer-newsletter-del-projecte-labour-plus\/","title":{"rendered":"Consulta el darrer newsletter del projecte Labour Plus"},"content":{"rendered":"<p>El <a href=\"http:\/\/www.labourplus.eu\/\" target=\"_blank\">projecte europeu Labour Plus<\/a>, en el qual l&#8217;\u00e0rea de Benestar del Consell Comarcal \u00e9s el soci que lidera els continguts, publica peri\u00f2dicament <em>Newsletters <\/em>que resumeixen les principals activitats que porta a terme aquest projecte.<\/p>\n<p>El projecte Labour Plus, cofinan\u00e7at per la Uni\u00f3 Europea (Interreg IVC), est\u00e0 integrat per <a href=\"http:\/\/www.labourplus.eu\/index.php\/partners\" target=\"_blank\">11 socis<\/a> i t\u00e9 com a finalitat intercanviar experi\u00e8ncies a nivell europeu i dissenyar una eina d\u2019integraci\u00f3 laboral per millorar la situaci\u00f3 sociolaboral de la poblaci\u00f3 d\u2019origen immigrant.<\/p>\n<p>Aquest projecte estar\u00e0 actiu fins a finals d&#8217;aquest any i est\u00e0 generant l&#8217;intercanvi de bones pr\u00e0ctiques entre socis i estrat\u00e8gies d\u2019intervenci\u00f3 per promoure una millor inclusi\u00f3 sociolaboral dels grups de poblaci\u00f3 m\u00e9s vulnerables.<\/p>\n<p>Entre d&#8217;altres iniciatives, durant els darrers mesos el Consell Comarcal de l&#8217;Alt Empord\u00e0 ha organitzat una <a href=\"https:\/\/inclusioaltemporda.cat\/portal\/visita-destudi-de-socis-europeus-al-programa-okupalt\/\">visita d&#8217;estudis al projecte Okup&#8217;Alt<\/a> en que varen participar dos socis del projecte, i ha dut a terme la implementaci\u00f3 d&#8217;una bona pr\u00e0ctica dissenyada i posada en pr\u00e0ctica al municipi holand\u00e8s de Nieuwegein, que a la comarca s&#8217;ha concretat en l&#8217;elaboraci\u00f3 de la <a href=\"https:\/\/inclusioaltemporda.cat\/portal\/consulta-online-la-publicacio-mirades-plulrals\/\">publicaci\u00f3 Mirades plurals, la gesti\u00f3 de la diversitat a l&#8217;Alt Empord\u00e0<\/a>.<\/p>\n<p><a href=\"http:\/\/www.labourplus.eu\/images\/Labour_Plus_4_Final.pdf\">Podeu consultar el darrer <em>Newsletter<\/em> en aquest enlla\u00e7<\/a>.<\/p>\n<p>&nbsp;<\/p>\n","protected":false},"excerpt":{"rendered":"<p>El projecte europeu Labour Plus publica peri\u00f2dicament Newsletters que resumeixen les principals activitats que porta a terme aquest projecte<\/p>\n","protected":false},"author":2,"featured_media":3621,"comment_status":"closed","ping_status":"closed","sticky":false,"template":"","format":"standard","meta":{"footnotes":""},"categories":[106,100,107,101,1,108,111],"tags":[],"class_list":["post-4502","post","type-post","status-publish","format-standard","has-post-thumbnail","hentry","category-administracions","category-area-benestar","category-centres-recerca-universitats","category-ciutadania","category-general","category-mitjans-comunicacio","category-projectes-internacionals","category-106","category-100","category-107","category-101","category-1","category-108","category-111","description-off"],"_links":{"self":[{"href":"https:\/\/inclusioaltemporda.cat\/portal\/wp-json\/wp\/v2\/posts\/4502","targetHints":{"allow":["GET"]}}],"collection":[{"href":"https:\/\/inclusioaltemporda.cat\/portal\/wp-json\/wp\/v2\/posts"}],"about":[{"href":"https:\/\/inclusioaltemporda.cat\/portal\/wp-json\/wp\/v2\/types\/post"}],"author":[{"embeddable":true,"href":"https:\/\/inclusioaltemporda.cat\/portal\/wp-json\/wp\/v2\/users\/2"}],"replies":[{"embeddable":true,"href":"https:\/\/inclusioaltemporda.cat\/portal\/wp-json\/wp\/v2\/comments?post=4502"}],"version-history":[{"count":4,"href":"https:\/\/inclusioaltemporda.cat\/portal\/wp-json\/wp\/v2\/posts\/4502\/revisions"}],"predecessor-version":[{"id":4506,"href":"https:\/\/inclusioaltemporda.cat\/portal\/wp-json\/wp\/v2\/posts\/4502\/revisions\/4506"}],"wp:featuredmedia":[{"embeddable":true,"href":"https:\/\/inclusioaltemporda.cat\/portal\/wp-json\/wp\/v2\/media\/3621"}],"wp:attachment":[{"href":"https:\/\/inclusioaltemporda.cat\/portal\/wp-json\/wp\/v2\/media?parent=4502"}],"wp:term":[{"taxonomy":"category","embeddable":true,"href":"https:\/\/inclusioaltemporda.cat\/portal\/wp-json\/wp\/v2\/categories?post=4502"},{"taxonomy":"post_tag","embeddable":true,"href":"https:\/\/inclusioaltemporda.cat\/portal\/wp-json\/wp\/v2\/tags?post=4502"}],"curies":[{"name":"wp","href":"https:\/\/api.w.org\/{rel}","templated":true}]}}