{"id":4507,"date":"2014-09-05T09:10:46","date_gmt":"2014-09-05T08:10:46","guid":{"rendered":"https:\/\/inclusioaltemporda.cat\/portal\/?p=4507"},"modified":"2016-02-01T09:24:38","modified_gmt":"2016-02-01T08:24:38","slug":"opinio-professional-les-relacions-maternofilials-en-families-que-han-patit-situacions-de-violencia","status":"publish","type":"post","link":"https:\/\/inclusioaltemporda.cat\/portal\/opinio-professional-les-relacions-maternofilials-en-families-que-han-patit-situacions-de-violencia\/","title":{"rendered":"Opini\u00f3 professional: Les relacions maternofilials en fam\u00edlies que han patit situacions de viol\u00e8ncia"},"content":{"rendered":"<p>L&#8217;espai professional d&#8217;aquest web us ofereix un nou article elaborat per l&#8217;Equip d\u2019Investigaci\u00f3 de l\u2019estudi de la Percepci\u00f3 del Vincle Parental, sorgit en el marc del M\u00e0ster en Ter\u00e0pia Familiar Sist\u00e8mica, que recull els principals resultats d&#8217;un estudi que analitza la percepci\u00f3 del tipus de vincle en les relacions maternofilials comparativament entre fam\u00edlies que han patit situacions de viol\u00e8ncia i altres que no. El SIAD del Consell Comarcal de l&#8217;Alt Empord\u00e0 va col\u00b7laborar en el treball de camp de l&#8217;estudi<\/p>\n<p>L&#8217;Equip d\u2019Investigaci\u00f3 de l\u2019estudi de la Percepci\u00f3 del Vincle Parental est\u00e0 format per: <span lang=\"ca-ES\">Maria Busquets, educadora social Jose Contreras, treballador social, Cristina Mart\u00ednez, psicopedagoga, Joan Molinet, educador social i Coral Torrent\u00f3, psic\u00f2loga. <\/span><\/p>\n<p>Us convidem a llegir l<a href=\"https:\/\/inclusioaltemporda.cat\/portal\/wp-content\/uploads\/Les-relacions-maternofilials-en-families-que-han-patit-situacions-de-violencia.pdf\">&#8216;article en aquest enlla\u00e7<\/a> i tamb\u00e9 a visitar regularment la <a href=\"https:\/\/inclusioaltemporda.cat\/portal\/professionals\/\">p\u00e0gina dedicada als professionals de l&#8217;\u00e0mbit social de la nostra web<\/a>.<\/p>\n","protected":false},"excerpt":{"rendered":"<p>Us oferim el tercer article elaborat per l&#8217;Equip d\u2019Investigaci\u00f3 de l\u2019estudi de la Percepci\u00f3 del Vincle Parental<\/p>\n","protected":false},"author":2,"featured_media":1602,"comment_status":"closed","ping_status":"closed","sticky":false,"template":"","format":"standard","meta":{"footnotes":""},"categories":[106,100,107,103,1,108,102],"tags":[],"class_list":["post-4507","post","type-post","status-publish","format-standard","has-post-thumbnail","hentry","category-administracions","category-area-benestar","category-centres-recerca-universitats","category-estudiants-escoles-instituts","category-general","category-mitjans-comunicacio","category-professionals-ambit-social","category-106","category-100","category-107","category-103","category-1","category-108","category-102","description-off"],"_links":{"self":[{"href":"https:\/\/inclusioaltemporda.cat\/portal\/wp-json\/wp\/v2\/posts\/4507","targetHints":{"allow":["GET"]}}],"collection":[{"href":"https:\/\/inclusioaltemporda.cat\/portal\/wp-json\/wp\/v2\/posts"}],"about":[{"href":"https:\/\/inclusioaltemporda.cat\/portal\/wp-json\/wp\/v2\/types\/post"}],"author":[{"embeddable":true,"href":"https:\/\/inclusioaltemporda.cat\/portal\/wp-json\/wp\/v2\/users\/2"}],"replies":[{"embeddable":true,"href":"https:\/\/inclusioaltemporda.cat\/portal\/wp-json\/wp\/v2\/comments?post=4507"}],"version-history":[{"count":4,"href":"https:\/\/inclusioaltemporda.cat\/portal\/wp-json\/wp\/v2\/posts\/4507\/revisions"}],"predecessor-version":[{"id":4514,"href":"https:\/\/inclusioaltemporda.cat\/portal\/wp-json\/wp\/v2\/posts\/4507\/revisions\/4514"}],"wp:featuredmedia":[{"embeddable":true,"href":"https:\/\/inclusioaltemporda.cat\/portal\/wp-json\/wp\/v2\/media\/1602"}],"wp:attachment":[{"href":"https:\/\/inclusioaltemporda.cat\/portal\/wp-json\/wp\/v2\/media?parent=4507"}],"wp:term":[{"taxonomy":"category","embeddable":true,"href":"https:\/\/inclusioaltemporda.cat\/portal\/wp-json\/wp\/v2\/categories?post=4507"},{"taxonomy":"post_tag","embeddable":true,"href":"https:\/\/inclusioaltemporda.cat\/portal\/wp-json\/wp\/v2\/tags?post=4507"}],"curies":[{"name":"wp","href":"https:\/\/api.w.org\/{rel}","templated":true}]}}