{"id":4515,"date":"2014-09-08T11:00:45","date_gmt":"2014-09-08T10:00:45","guid":{"rendered":"https:\/\/inclusioaltemporda.cat\/portal\/?p=4515"},"modified":"2016-02-01T09:24:38","modified_gmt":"2016-02-01T08:24:38","slug":"la-xarxa-de-convivencia-de-roses-forma-joves-en-voluntariat-europeu","status":"publish","type":"post","link":"https:\/\/inclusioaltemporda.cat\/portal\/la-xarxa-de-convivencia-de-roses-forma-joves-en-voluntariat-europeu\/","title":{"rendered":"La Xarxa de Conviv\u00e8ncia de Roses forma joves en voluntariat europeu"},"content":{"rendered":"<p>La Xarxa de Conviv\u00e8ncia de Roses promou el projecte &#8220;Saltem les difer\u00e8ncies&#8221; amb el municipi de Bois-le-Roi (Fran\u00e7a) per formar joves en voluntariat europeu.<\/p>\n<p>Dos joves de la comarca, Max Garcia i Mart\u00ed Mallart, participaran durant 6 mesos en aquest projecte en una estada a Bois-le-Roi, localitat de prop de 6.000 habitants de la regi\u00f3 parisina d&#8217;\u00cele de France, on es formaran i desenvoluparan habilitats idiom\u00e0tiques, professionals i socials.<\/p>\n<p>La missi\u00f3 principal dels joves ser\u00e0 dinamitzar mitjan\u00e7ant l&#8217;esport i el treball amb valors amb joves, una zona d&#8217;esbarjo i skate que gestiona el centre recreatiu d&#8217;aquesta localitat on hi ha una gran diversitat cultural, amb la finalitat de refor\u00e7ar la conviv\u00e8ncia i la cohesi\u00f3 social.<\/p>\n<p>Aquest projecte compta amb finan\u00e7ament de la Comissi\u00f3 Europea per promoure la formaci\u00f3 i intercanvi entre joves a Europa.<\/p>\n<p>&nbsp;<\/p>\n","protected":false},"excerpt":{"rendered":"<p>La Xarxa de Conviv\u00e8ncia de Roses promou el projecte &#8220;Saltem les difer\u00e8ncies&#8221; amb el municipi de Bois-le-Roi (Fran\u00e7a) per formar joves en voluntariat europeu.<\/p>\n","protected":false},"author":3,"featured_media":4517,"comment_status":"closed","ping_status":"closed","sticky":false,"template":"","format":"standard","meta":{"footnotes":""},"categories":[101,104,103,1,108,102,11],"tags":[],"class_list":["post-4515","post","type-post","status-publish","format-standard","has-post-thumbnail","hentry","category-ciutadania","category-entitats-socials","category-estudiants-escoles-instituts","category-general","category-mitjans-comunicacio","category-professionals-ambit-social","category-taula-inclusio","category-101","category-104","category-103","category-1","category-108","category-102","category-11","description-off"],"_links":{"self":[{"href":"https:\/\/inclusioaltemporda.cat\/portal\/wp-json\/wp\/v2\/posts\/4515","targetHints":{"allow":["GET"]}}],"collection":[{"href":"https:\/\/inclusioaltemporda.cat\/portal\/wp-json\/wp\/v2\/posts"}],"about":[{"href":"https:\/\/inclusioaltemporda.cat\/portal\/wp-json\/wp\/v2\/types\/post"}],"author":[{"embeddable":true,"href":"https:\/\/inclusioaltemporda.cat\/portal\/wp-json\/wp\/v2\/users\/3"}],"replies":[{"embeddable":true,"href":"https:\/\/inclusioaltemporda.cat\/portal\/wp-json\/wp\/v2\/comments?post=4515"}],"version-history":[{"count":2,"href":"https:\/\/inclusioaltemporda.cat\/portal\/wp-json\/wp\/v2\/posts\/4515\/revisions"}],"predecessor-version":[{"id":4518,"href":"https:\/\/inclusioaltemporda.cat\/portal\/wp-json\/wp\/v2\/posts\/4515\/revisions\/4518"}],"wp:featuredmedia":[{"embeddable":true,"href":"https:\/\/inclusioaltemporda.cat\/portal\/wp-json\/wp\/v2\/media\/4517"}],"wp:attachment":[{"href":"https:\/\/inclusioaltemporda.cat\/portal\/wp-json\/wp\/v2\/media?parent=4515"}],"wp:term":[{"taxonomy":"category","embeddable":true,"href":"https:\/\/inclusioaltemporda.cat\/portal\/wp-json\/wp\/v2\/categories?post=4515"},{"taxonomy":"post_tag","embeddable":true,"href":"https:\/\/inclusioaltemporda.cat\/portal\/wp-json\/wp\/v2\/tags?post=4515"}],"curies":[{"name":"wp","href":"https:\/\/api.w.org\/{rel}","templated":true}]}}