{"id":4519,"date":"2014-09-09T08:13:02","date_gmt":"2014-09-09T07:13:02","guid":{"rendered":"https:\/\/inclusioaltemporda.cat\/portal\/?p=4519"},"modified":"2016-02-01T09:24:38","modified_gmt":"2016-02-01T08:24:38","slug":"ksameu-inscripcions-per-al-curs-2014-2015","status":"publish","type":"post","link":"https:\/\/inclusioaltemporda.cat\/portal\/ksameu-inscripcions-per-al-curs-2014-2015\/","title":{"rendered":"Ksameu: Inscripcions per al curs 2014-2015"},"content":{"rendered":"<p>El projecte socieducatiu Ksameu obra les inscripcions per al curs 2014-2015 la setmana vinent. Els dies 15 i 16 de setembre estan obertes per als joves que han participat en les activitats d\u2019estiu o ja varen assistir durant el curs anterior, i entre el 18 i el 19 de setembre per a la resta de joves interessats.<\/p>\n<p>El projecte, promogut per la Fundaci\u00f3 privada Sant Vicen\u00e7 de Pa\u00fcl l\u2019any 2007 a partir de la reflexi\u00f3 sobre la necessitat de millorar l\u2019oferta de recursos l\u00fadics i educatius per adolescents i joves a la ciutat de Figueres, t\u00e9 com a principals objectius acollir i acompanyar adolescents i joves en el seu propi itinerari personal, posant esfor\u00e7 de manera especial en l\u2019educaci\u00f3 en la responsabilitat, a trav\u00e9s de d\u2019una metodologia de contracte fonamentada en els drets i deures.<\/p>\n<p>Ksameu \u00e9s un recurs que funciona de dilluns a divendres fora de l\u2019horari escolar. Aquest t\u00e9 segmentats els grups d\u2019atenci\u00f3 en funci\u00f3 de l\u2019edat dels adolescents i joves participants. Informaci\u00f3 complerta sobre la inscripci\u00f3 la podeu trobar en aquest <a href=\"https:\/\/inclusioaltemporda.cat\/portal\/wp-content\/uploads\/INSCRIPCIONS-SETEMBRE.pdf\">enlla\u00e7<\/a>.<\/p>\n","protected":false},"excerpt":{"rendered":"<p>El projecte socieducatiu Ksameu obre les inscripcions per al curs 2014-2015 la setmana vinent.<\/p>\n","protected":false},"author":3,"featured_media":4291,"comment_status":"closed","ping_status":"closed","sticky":false,"template":"","format":"standard","meta":{"footnotes":""},"categories":[106,100,101,104,103,1,108,11],"tags":[],"class_list":["post-4519","post","type-post","status-publish","format-standard","has-post-thumbnail","hentry","category-administracions","category-area-benestar","category-ciutadania","category-entitats-socials","category-estudiants-escoles-instituts","category-general","category-mitjans-comunicacio","category-taula-inclusio","category-106","category-100","category-101","category-104","category-103","category-1","category-108","category-11","description-off"],"_links":{"self":[{"href":"https:\/\/inclusioaltemporda.cat\/portal\/wp-json\/wp\/v2\/posts\/4519","targetHints":{"allow":["GET"]}}],"collection":[{"href":"https:\/\/inclusioaltemporda.cat\/portal\/wp-json\/wp\/v2\/posts"}],"about":[{"href":"https:\/\/inclusioaltemporda.cat\/portal\/wp-json\/wp\/v2\/types\/post"}],"author":[{"embeddable":true,"href":"https:\/\/inclusioaltemporda.cat\/portal\/wp-json\/wp\/v2\/users\/3"}],"replies":[{"embeddable":true,"href":"https:\/\/inclusioaltemporda.cat\/portal\/wp-json\/wp\/v2\/comments?post=4519"}],"version-history":[{"count":4,"href":"https:\/\/inclusioaltemporda.cat\/portal\/wp-json\/wp\/v2\/posts\/4519\/revisions"}],"predecessor-version":[{"id":4523,"href":"https:\/\/inclusioaltemporda.cat\/portal\/wp-json\/wp\/v2\/posts\/4519\/revisions\/4523"}],"wp:featuredmedia":[{"embeddable":true,"href":"https:\/\/inclusioaltemporda.cat\/portal\/wp-json\/wp\/v2\/media\/4291"}],"wp:attachment":[{"href":"https:\/\/inclusioaltemporda.cat\/portal\/wp-json\/wp\/v2\/media?parent=4519"}],"wp:term":[{"taxonomy":"category","embeddable":true,"href":"https:\/\/inclusioaltemporda.cat\/portal\/wp-json\/wp\/v2\/categories?post=4519"},{"taxonomy":"post_tag","embeddable":true,"href":"https:\/\/inclusioaltemporda.cat\/portal\/wp-json\/wp\/v2\/tags?post=4519"}],"curies":[{"name":"wp","href":"https:\/\/api.w.org\/{rel}","templated":true}]}}