{"id":4524,"date":"2014-09-10T09:05:08","date_gmt":"2014-09-10T08:05:08","guid":{"rendered":"https:\/\/inclusioaltemporda.cat\/portal\/?p=4524"},"modified":"2016-02-01T09:24:38","modified_gmt":"2016-02-01T08:24:38","slug":"calendari-curs-escolar-2014-2015-concurs-dia-mundial-sense-tabac","status":"publish","type":"post","link":"https:\/\/inclusioaltemporda.cat\/portal\/calendari-curs-escolar-2014-2015-concurs-dia-mundial-sense-tabac\/","title":{"rendered":"Calendari curs escolar 2014-2015 Concurs Dia Mundial sense Tabac"},"content":{"rendered":"<p>L&#8217;\u00e0rea de Benestar distribueix a tots els instituts de la comarca el calendari del curs escolar 2014-2015 amb els cartells premiats en la 13a edici\u00f3 del Concurs del Dia Mundial sense Tabac.<\/p>\n<p>El calendari que es far\u00e0 arribar als centres al llarg del mes de setembre i<a href=\"https:\/\/inclusioaltemporda.cat\/portal\/wp-content\/uploads\/Cartell-Calendari-2014_15.jpg\"> que us podeu descarregar en aquest enlla\u00e7<\/a>, reprodueix els cartells premiats de Timeea Andreea Brasovanu de l\u2019Institut de Castell\u00f3 d\u2019Emp\u00faries, cartell guanyador, i els de Leah Zaub Burset i Vanessa Muscolino Pantano, del Centre Escolar Empord\u00e0, i X\u00e8nia Segura, de l\u2019Institut de Castell\u00f3 d\u2019Emp\u00faries, que van obtenir acc\u00e8ssits.<\/p>\n<p>Enguany han participat en la 13a edici\u00f3 del Concurs del Dia Mundial sense Tabac 8 centres de la comarca i s&#8217;han presentat un total de 332 cartells dels centres seg\u00fcents: l&#8217;<span lang=\"ca-ES\">Institut\u00a0Olivar Gran de Figueres, el Centre Escolar Empord\u00e0 de Roses, l&#8217;Institut de Llan\u00e7\u00e0, l&#8217;Institut Alexandre Deulofeu, l&#8217;Institut de Castell\u00f3 d\u2019Emp\u00faries, l&#8217;Institut Illa de Rodes de Roses, el SIN Cap de Creus de Cadaqu\u00e9s i l&#8217;Institut de Vilafant.<\/span><\/p>\n","protected":false},"excerpt":{"rendered":"<p>L&#8217;\u00e0rea de Benestar distribueix a tots els instituts de la comarca el calendari del curs escolar 2014-2015 amb els cartells premiats en la 13a edici\u00f3 del Concurs del Dia Mundial sense Tabac<\/p>\n","protected":false},"author":3,"featured_media":4529,"comment_status":"closed","ping_status":"closed","sticky":false,"template":"","format":"standard","meta":{"footnotes":""},"categories":[100,101,104,103,1,108],"tags":[],"class_list":["post-4524","post","type-post","status-publish","format-standard","has-post-thumbnail","hentry","category-area-benestar","category-ciutadania","category-entitats-socials","category-estudiants-escoles-instituts","category-general","category-mitjans-comunicacio","category-100","category-101","category-104","category-103","category-1","category-108","description-off"],"_links":{"self":[{"href":"https:\/\/inclusioaltemporda.cat\/portal\/wp-json\/wp\/v2\/posts\/4524","targetHints":{"allow":["GET"]}}],"collection":[{"href":"https:\/\/inclusioaltemporda.cat\/portal\/wp-json\/wp\/v2\/posts"}],"about":[{"href":"https:\/\/inclusioaltemporda.cat\/portal\/wp-json\/wp\/v2\/types\/post"}],"author":[{"embeddable":true,"href":"https:\/\/inclusioaltemporda.cat\/portal\/wp-json\/wp\/v2\/users\/3"}],"replies":[{"embeddable":true,"href":"https:\/\/inclusioaltemporda.cat\/portal\/wp-json\/wp\/v2\/comments?post=4524"}],"version-history":[{"count":3,"href":"https:\/\/inclusioaltemporda.cat\/portal\/wp-json\/wp\/v2\/posts\/4524\/revisions"}],"predecessor-version":[{"id":4530,"href":"https:\/\/inclusioaltemporda.cat\/portal\/wp-json\/wp\/v2\/posts\/4524\/revisions\/4530"}],"wp:featuredmedia":[{"embeddable":true,"href":"https:\/\/inclusioaltemporda.cat\/portal\/wp-json\/wp\/v2\/media\/4529"}],"wp:attachment":[{"href":"https:\/\/inclusioaltemporda.cat\/portal\/wp-json\/wp\/v2\/media?parent=4524"}],"wp:term":[{"taxonomy":"category","embeddable":true,"href":"https:\/\/inclusioaltemporda.cat\/portal\/wp-json\/wp\/v2\/categories?post=4524"},{"taxonomy":"post_tag","embeddable":true,"href":"https:\/\/inclusioaltemporda.cat\/portal\/wp-json\/wp\/v2\/tags?post=4524"}],"curies":[{"name":"wp","href":"https:\/\/api.w.org\/{rel}","templated":true}]}}