{"id":4531,"date":"2014-09-15T07:54:36","date_gmt":"2014-09-15T06:54:36","guid":{"rendered":"https:\/\/inclusioaltemporda.cat\/portal\/?p=4531"},"modified":"2016-02-01T09:24:38","modified_gmt":"2016-02-01T08:24:38","slug":"dia-mundial-de-lalzheimer","status":"publish","type":"post","link":"https:\/\/inclusioaltemporda.cat\/portal\/dia-mundial-de-lalzheimer\/","title":{"rendered":"21 de setembre, Dia Mundial de l&#8217;Alzheimer"},"content":{"rendered":"<p>L&#8217;Associaci\u00f3 Malalts d&#8217;Alzeimer i Fam\u00edlia (AMA) programa activitats a Figueres per celebrar el Dia Mundial de l&#8217;Alzheimer.<\/p>\n<p>Al llarg d&#8217;aquesta setmana l&#8217;AMA instal\u00b7la estands informatius per donar a con\u00e8ixer la seva activitat en diferents empla\u00e7aments de la ciutat: 16 de setembre (Rambla Nova), 18 de setembre (Passeig Nou\/Avd. Salvador Dal\u00ed i Pla\u00e7a de la Palmera) i dissabte 20 de setembre (Pla\u00e7a de l&#8217;Ajuntament).<\/p>\n<p>El divendres, 19 de setembre, s&#8217;inaugurar\u00e0 l&#8217;exposici\u00f3 de fotografies &#8220;La Mirada de l&#8217;Alzheimer&#8221; de Toni Fern\u00e1ndez a la Catequ\u00edstica de Figueres, que estar\u00e0 oberta els dies 19, 20, 26 i 27 de 18:00 a 20:00h.<\/p>\n<p>M\u00e9s informaci\u00f3 sobre aquesta associaci\u00f3 i les activitats programades en aquest <a href=\"http:\/\/www.amafigueres.org\">enlla\u00e7<\/a>.<\/p>\n","protected":false},"excerpt":{"rendered":"<p>L&#8217;Associaci\u00f3 Malalts d&#8217;Alzeimer i Fam\u00edlia (AMA) programa activitats a Figueres per celebrar el Dia Mundial de l&#8217;Alzheimer.<\/p>\n","protected":false},"author":3,"featured_media":1923,"comment_status":"closed","ping_status":"closed","sticky":false,"template":"","format":"standard","meta":{"footnotes":""},"categories":[33,101,105,104,103,1,108,11],"tags":[],"class_list":["post-4531","post","type-post","status-publish","format-standard","has-post-thumbnail","hentry","category-agenda","category-ciutadania","category-empreses","category-entitats-socials","category-estudiants-escoles-instituts","category-general","category-mitjans-comunicacio","category-taula-inclusio","category-33","category-101","category-105","category-104","category-103","category-1","category-108","category-11","description-off"],"_links":{"self":[{"href":"https:\/\/inclusioaltemporda.cat\/portal\/wp-json\/wp\/v2\/posts\/4531","targetHints":{"allow":["GET"]}}],"collection":[{"href":"https:\/\/inclusioaltemporda.cat\/portal\/wp-json\/wp\/v2\/posts"}],"about":[{"href":"https:\/\/inclusioaltemporda.cat\/portal\/wp-json\/wp\/v2\/types\/post"}],"author":[{"embeddable":true,"href":"https:\/\/inclusioaltemporda.cat\/portal\/wp-json\/wp\/v2\/users\/3"}],"replies":[{"embeddable":true,"href":"https:\/\/inclusioaltemporda.cat\/portal\/wp-json\/wp\/v2\/comments?post=4531"}],"version-history":[{"count":5,"href":"https:\/\/inclusioaltemporda.cat\/portal\/wp-json\/wp\/v2\/posts\/4531\/revisions"}],"predecessor-version":[{"id":4536,"href":"https:\/\/inclusioaltemporda.cat\/portal\/wp-json\/wp\/v2\/posts\/4531\/revisions\/4536"}],"wp:featuredmedia":[{"embeddable":true,"href":"https:\/\/inclusioaltemporda.cat\/portal\/wp-json\/wp\/v2\/media\/1923"}],"wp:attachment":[{"href":"https:\/\/inclusioaltemporda.cat\/portal\/wp-json\/wp\/v2\/media?parent=4531"}],"wp:term":[{"taxonomy":"category","embeddable":true,"href":"https:\/\/inclusioaltemporda.cat\/portal\/wp-json\/wp\/v2\/categories?post=4531"},{"taxonomy":"post_tag","embeddable":true,"href":"https:\/\/inclusioaltemporda.cat\/portal\/wp-json\/wp\/v2\/tags?post=4531"}],"curies":[{"name":"wp","href":"https:\/\/api.w.org\/{rel}","templated":true}]}}