{"id":4543,"date":"2014-09-16T08:07:27","date_gmt":"2014-09-16T07:07:27","guid":{"rendered":"https:\/\/inclusioaltemporda.cat\/portal\/?p=4543"},"modified":"2016-02-01T09:24:37","modified_gmt":"2016-02-01T08:24:37","slug":"programa-formatiu-de-tardor-del-centre-empren","status":"publish","type":"post","link":"https:\/\/inclusioaltemporda.cat\/portal\/programa-formatiu-de-tardor-del-centre-empren\/","title":{"rendered":"Programa formatiu de tardor del Centre Empr\u00e8n"},"content":{"rendered":"<p>El Centre Empr\u00e8n posa en marxa tallers de formaci\u00f3 aquesta tardor per refor\u00e7ar l&#8217;activitat dels emprenedors i empreses de la comarca.<\/p>\n<p>L&#8217;oferta formativa \u00e9s diversa i hi inclou diferents activitats: Jornades en entorns digitals; Jornades de coneixement; Jornada, recursos de catal\u00e0 en l\u00ednia; Tallers pr\u00e0ctics en eines digitals; Tallers de n\u00e0utica; Tallers d&#8217;orientaci\u00f3 laboral; Curs d&#8217;atenci\u00f3 al client; Cursos d&#8217;ofim\u00e0tica i de catal\u00e0.<\/p>\n<p>Podeu consultar tota la informaci\u00f3 d&#8217;aquesta oferta formativa en aquest <a href=\"http:\/\/www.castelloempren.com\/formacio\/programa-de-formacio\/\">enlla\u00e7<\/a> i tamb\u00e9 fer la <a href=\"https:\/\/docs.google.com\/forms\/d\/1gg2Azb23yRIqhDUtiyU9daOTCNHPxz7fAHWMbPgMsa0\/viewform\">vostra inscripci\u00f3 als cursos i tallers on line<\/a>. Les inscripcions tamb\u00e9 es poden fer presencialment al Centre Empr\u00e8n de dillluns a divendres de 8:00 a 14:00h. o per correu electr\u00f2nic: castelloempren@castello.cat<\/p>\n<p>El Centre Empr\u00e8n de Castell\u00f3 d&#8217;Emp\u00faries agrupa els serveis d\u2019empresa, formaci\u00f3 i ocupaci\u00f3 de l\u2019Ajuntament de Castell\u00f3 d\u2019Emp\u00faries amb l\u2019objectiu de fomentar el desenvolupament econ\u00f2mic local i sostenible. Situat al Sector Alberes d\u2019Empuriabrava, compta amb un equip de t\u00e8cnics que t\u00e9 com a finalitat orientar, formar, donar suport i assessorament a l\u2019empresa i l\u2019emprenedoria.<\/p>\n<p>El Centre Empr\u00e8n tamb\u00e9 compta amb un punt de suport de l&#8217;IOC a la comarca (Institut Obert de Catalunya) adre\u00e7at als majors de 16 anys per facilitar l&#8217;obtenci\u00f3 del graduat d&#8217;educaci\u00f3 secund\u00e0ria.<\/p>\n","protected":false},"excerpt":{"rendered":"<p>El Centre Empr\u00e8n posa en marxa tallers de formaci\u00f3 aquesta tardor per refor\u00e7ar l&#8217;activitat dels emprenedors i empreses de la comarca.<\/p>\n","protected":false},"author":3,"featured_media":4544,"comment_status":"closed","ping_status":"closed","sticky":false,"template":"","format":"standard","meta":{"footnotes":""},"categories":[106,33,101,105,104,103,1,108],"tags":[],"class_list":["post-4543","post","type-post","status-publish","format-standard","has-post-thumbnail","hentry","category-administracions","category-agenda","category-ciutadania","category-empreses","category-entitats-socials","category-estudiants-escoles-instituts","category-general","category-mitjans-comunicacio","category-106","category-33","category-101","category-105","category-104","category-103","category-1","category-108","description-off"],"_links":{"self":[{"href":"https:\/\/inclusioaltemporda.cat\/portal\/wp-json\/wp\/v2\/posts\/4543","targetHints":{"allow":["GET"]}}],"collection":[{"href":"https:\/\/inclusioaltemporda.cat\/portal\/wp-json\/wp\/v2\/posts"}],"about":[{"href":"https:\/\/inclusioaltemporda.cat\/portal\/wp-json\/wp\/v2\/types\/post"}],"author":[{"embeddable":true,"href":"https:\/\/inclusioaltemporda.cat\/portal\/wp-json\/wp\/v2\/users\/3"}],"replies":[{"embeddable":true,"href":"https:\/\/inclusioaltemporda.cat\/portal\/wp-json\/wp\/v2\/comments?post=4543"}],"version-history":[{"count":4,"href":"https:\/\/inclusioaltemporda.cat\/portal\/wp-json\/wp\/v2\/posts\/4543\/revisions"}],"predecessor-version":[{"id":4548,"href":"https:\/\/inclusioaltemporda.cat\/portal\/wp-json\/wp\/v2\/posts\/4543\/revisions\/4548"}],"wp:featuredmedia":[{"embeddable":true,"href":"https:\/\/inclusioaltemporda.cat\/portal\/wp-json\/wp\/v2\/media\/4544"}],"wp:attachment":[{"href":"https:\/\/inclusioaltemporda.cat\/portal\/wp-json\/wp\/v2\/media?parent=4543"}],"wp:term":[{"taxonomy":"category","embeddable":true,"href":"https:\/\/inclusioaltemporda.cat\/portal\/wp-json\/wp\/v2\/categories?post=4543"},{"taxonomy":"post_tag","embeddable":true,"href":"https:\/\/inclusioaltemporda.cat\/portal\/wp-json\/wp\/v2\/tags?post=4543"}],"curies":[{"name":"wp","href":"https:\/\/api.w.org\/{rel}","templated":true}]}}