{"id":4550,"date":"2014-09-17T11:51:39","date_gmt":"2014-09-17T10:51:39","guid":{"rendered":"https:\/\/inclusioaltemporda.cat\/portal\/?p=4550"},"modified":"2016-02-01T09:24:37","modified_gmt":"2016-02-01T08:24:37","slug":"oberta-la-matricula-del-centre-formatiu-de-caritas-figueres","status":"publish","type":"post","link":"https:\/\/inclusioaltemporda.cat\/portal\/oberta-la-matricula-del-centre-formatiu-de-caritas-figueres\/","title":{"rendered":"Oberta la matr\u00edcula del Centre Formatiu de C\u00e0ritas Figueres"},"content":{"rendered":"<p>El Centre Formatiu de <a href=\"http:\/\/caritasfigueres.entitatsfigueres.cat\/Home\/_H4QS29qxa72TbcRw4GONyhRhpazP45eg24F1cF991FLzKcR_D2aWNQ\" target=\"_blank\">C\u00e0ritas Figueres<\/a> mantindr\u00e0 oberta la matr\u00edcula per als cursos que anualment organitza l&#8217;entitat fins el dia 30 de setembre.<\/p>\n<p>Per al curs 2014\/2015 l&#8217;entitat ofereix cursos de catal\u00e0 de nivell 0 (curs d&#8217;alfabetitzaci\u00f3), i nivell 1, amb la col\u00b7laboraci\u00f3 del Consorci de Normalitzaci\u00f3 Ling\u00fc\u00edstica (CNL). Per altra banda, a trav\u00e9s del Centre Formatiu tamb\u00e9 es pot accedir a formaci\u00f3 b\u00e0sica i avan\u00e7ada d&#8217;angl\u00e8s i franc\u00e8s, i a un curs d&#8217;Inform\u00e0tica b\u00e0sica.<\/p>\n<p>Els horaris de matr\u00edcula i informaci\u00f3 s\u00f3n de 9 a 13h, fins el dia 30 de setembre en que finalitzar\u00e0 el termini, al local de l&#8217;entitat (Pl. Sant Vicen\u00e7 de Pa\u00fcl, 2, de Figueres)<\/p>\n<p><a href=\"http:\/\/caritasfigueres.entitatsfigueres.cat\/Home\/_H4QS29qxa72TbcRw4GONyhRhpazP45eg24F1cF991FLzKcR_D2aWNQ\" target=\"_blank\">C\u00e0ritas Figueres<\/a> \u00e9s una entitat que pertany a l&#8217;esgl\u00e9sia cat\u00f2lica que t\u00e9 com a objectiu donar resposta a les necessitats de les persones i col\u00b7lectius m\u00e9s desfavorits socialment mitjan\u00e7ant programes d\u2019assist\u00e8ncia, orientaci\u00f3, acompanyament i promoci\u00f3 educativa i laboral. El Centre Formatiu, que gestiona l&#8217;entitat, treballa en l&#8217;\u00e0mbit de l&#8217;alfabetitzaci\u00f3 i la formaci\u00f3 social i cultural dirigida a persones adultes, per tal de facilitar el coneixement de l&#8217;idioma, i afavorir la comunicaci\u00f3 i la inserci\u00f3 laboral i social.<\/p>\n","protected":false},"excerpt":{"rendered":"<p>El Centre Formatiu de C\u00e0ritas Figueres mantindr\u00e0 oberta la matr\u00edcula per als seus cursos fins el dia 30 de setembre<\/p>\n","protected":false},"author":2,"featured_media":2048,"comment_status":"closed","ping_status":"closed","sticky":false,"template":"","format":"standard","meta":{"footnotes":""},"categories":[101,104,103,1,108,102,11],"tags":[],"class_list":["post-4550","post","type-post","status-publish","format-standard","has-post-thumbnail","hentry","category-ciutadania","category-entitats-socials","category-estudiants-escoles-instituts","category-general","category-mitjans-comunicacio","category-professionals-ambit-social","category-taula-inclusio","category-101","category-104","category-103","category-1","category-108","category-102","category-11","description-off"],"_links":{"self":[{"href":"https:\/\/inclusioaltemporda.cat\/portal\/wp-json\/wp\/v2\/posts\/4550","targetHints":{"allow":["GET"]}}],"collection":[{"href":"https:\/\/inclusioaltemporda.cat\/portal\/wp-json\/wp\/v2\/posts"}],"about":[{"href":"https:\/\/inclusioaltemporda.cat\/portal\/wp-json\/wp\/v2\/types\/post"}],"author":[{"embeddable":true,"href":"https:\/\/inclusioaltemporda.cat\/portal\/wp-json\/wp\/v2\/users\/2"}],"replies":[{"embeddable":true,"href":"https:\/\/inclusioaltemporda.cat\/portal\/wp-json\/wp\/v2\/comments?post=4550"}],"version-history":[{"count":2,"href":"https:\/\/inclusioaltemporda.cat\/portal\/wp-json\/wp\/v2\/posts\/4550\/revisions"}],"predecessor-version":[{"id":4552,"href":"https:\/\/inclusioaltemporda.cat\/portal\/wp-json\/wp\/v2\/posts\/4550\/revisions\/4552"}],"wp:featuredmedia":[{"embeddable":true,"href":"https:\/\/inclusioaltemporda.cat\/portal\/wp-json\/wp\/v2\/media\/2048"}],"wp:attachment":[{"href":"https:\/\/inclusioaltemporda.cat\/portal\/wp-json\/wp\/v2\/media?parent=4550"}],"wp:term":[{"taxonomy":"category","embeddable":true,"href":"https:\/\/inclusioaltemporda.cat\/portal\/wp-json\/wp\/v2\/categories?post=4550"},{"taxonomy":"post_tag","embeddable":true,"href":"https:\/\/inclusioaltemporda.cat\/portal\/wp-json\/wp\/v2\/tags?post=4550"}],"curies":[{"name":"wp","href":"https:\/\/api.w.org\/{rel}","templated":true}]}}